{"id":9958,"date":"2024-04-24T08:30:40","date_gmt":"2024-04-24T15:30:40","guid":{"rendered":"https:\/\/www.regioncuatronoticias.com\/?p=9958"},"modified":"2024-04-24T08:30:42","modified_gmt":"2024-04-24T15:30:42","slug":"retroceso-en-seguridad-si-anulan-la-prision-preventiva-oficiosa-sheinbaum","status":"publish","type":"post","link":"https:\/\/www.regioncuatronoticias.com\/index.php\/2024\/04\/24\/retroceso-en-seguridad-si-anulan-la-prision-preventiva-oficiosa-sheinbaum\/","title":{"rendered":"Retroceso en seguridad, si anulan la prisi\u00f3n preventiva oficiosa: Sheinbaum"},"content":{"rendered":"\n<p><em>Tampico, Tamps.<\/em>&nbsp;Si la Suprema Corte de Justicia de la Naci\u00f3n aprueba desaparecer la prisi\u00f3n preventiva oficiosa,&nbsp;<q>regresar\u00edamos a los niveles m\u00e1s altos de inseguridad<\/q>, advirti\u00f3 Claudia Sheinbaum, candidata presidencial de la coalici\u00f3n Sigamos Haciendo Historia, tras rechazar el informe del Departamento de Estado de Estados Unidos sobre la situaci\u00f3n que guardan los derechos humanos en M\u00e9xico. Dijo que los estadunidenses deber\u00edan opinar sobre esa decisi\u00f3n que puede tomar la Corte, porque&nbsp;<q>es grav\u00edsimo que puedan salir 60 mil delincuentes a la calle<\/q>.<\/p>\n\n\n\n<p>En conferencia, tambi\u00e9n descart\u00f3 presentar una denuncia por los encapuchados que la abordaron el domingo pasado en Motozintla, Chiapas. Corresponde a las autoridades investigarlo como un hecho p\u00fablico, sostuvo.<\/p>\n\n\n\n<p>Sheinbaum inici\u00f3 ayer una gira de tres d\u00edas por la Huasteca. Comenz\u00f3 en Tampico con una conferencia y despu\u00e9s tuvo tres m\u00edtines en Altamira, Tamaulipas; P\u00e1nuco, Veracruz, y Ciudad Valles, San Luis Potos\u00ed. El \u00faltimo, cerca de las 9 de la noche, con casi hora y media de retraso.<\/p>\n\n\n\n<p>Horas antes, pasadas las 10 de la ma\u00f1ana, ante la prensa, dijo no estar de acuerdo con el informe del Departamento de Estado estadunidense, y asegur\u00f3 que se est\u00e1 avanzando en la reducci\u00f3n de la impunidad en el pa\u00eds. \u201cTamaulipas es prueba de que el modelo cambi\u00f3, pasamos de la guerra contra el&nbsp;<em>narco<\/em>&nbsp;a la construcci\u00f3n de la paz\u201d.<\/p>\n\n\n\n<p>Indic\u00f3 que el Poder Judicial tambi\u00e9n&nbsp;<q>es responsable en la pacificaci\u00f3n del pa\u00eds. Hemos visto la cantidad de amparos que se han dado, pero lo que puede resultar grav\u00edsimo es, en caso de que se avance en la desaparici\u00f3n de la prisi\u00f3n preventiva oficiosa, la posibilidad de que m\u00e1s de 60 mil delincuentes salgan a la calle<\/q>.<\/p>\n\n\n\n<p>Por otro lado, anticip\u00f3 que solicitar\u00e1 a los representantes de la coalici\u00f3n ante el INE que denuncien a Marko Cort\u00e9s, dirigente del PAN, porque revel\u00f3 un acuerdo con los cinco gobernadores del PAN para que X\u00f3chitl G\u00e1lvez gane en sus estados.<\/p>\n\n\n\n<p>\u201cSiempre Marko Cort\u00e9s nos transparenta sus acuerdos&nbsp;<em>en lo oscurito<\/em>. Es incre\u00edble\u201d, mencion\u00f3 al recordar que tambi\u00e9n pact\u00f3 con el gobernador de Coahuila para repartirse hasta notar\u00edas.<\/p>\n\n\n\n<p><q>Es ilegal pedir apoyo a los gobernadores. Lo que acaba de decir Cort\u00e9s es un delito electoral<\/q>, subray\u00f3.<\/p>\n\n\n\n<p>Sobre lo ocurrido en Motozintla, la candidata sostuvo:&nbsp;<q>imaginen que van en una camioneta con compa\u00f1eros atr\u00e1s. Te piden que te detengas 10 personas que est\u00e1n encapuchadas. Te paras y lo primero que yo vi es el micr\u00f3fono rosa de Latinus, ni siquiera la cara de las personas. Me parece extra\u00f1o que en el ret\u00e9n, entre las personas (encapuchadas) est\u00e9 el reportero de Latinus<\/q>.<\/p>\n","protected":false},"excerpt":{"rendered":"<p>Tampico, Tamps.&nbsp;Si la Suprema Corte de Justicia de la Naci\u00f3n aprueba desaparecer la prisi\u00f3n preventiva oficiosa,&nbsp;regresar\u00edamos a los niveles m\u00e1s altos de inseguridad, advirti\u00f3 Claudia Sheinbaum, candidata presidencial de la coalici\u00f3n Sigamos Haciendo Historia, tras rechazar el informe del Departamento de Estado de Estados Unidos sobre la situaci\u00f3n que guardan los derechos humanos en M\u00e9xico. [&hellip;]<\/p>\n","protected":false},"author":1,"featured_media":9959,"comment_status":"open","ping_status":"open","sticky":false,"template":"","format":"standard","meta":{"content-type":"","footnotes":""},"categories":[123,105],"tags":[],"class_list":{"0":"post-9958","1":"post","2":"type-post","3":"status-publish","4":"format-standard","5":"has-post-thumbnail","7":"category-elecciones2024","8":"category-principal"},"_links":{"self":[{"href":"https:\/\/www.regioncuatronoticias.com\/index.php\/wp-json\/wp\/v2\/posts\/9958","targetHints":{"allow":["GET"]}}],"collection":[{"href":"https:\/\/www.regioncuatronoticias.com\/index.php\/wp-json\/wp\/v2\/posts"}],"about":[{"href":"https:\/\/www.regioncuatronoticias.com\/index.php\/wp-json\/wp\/v2\/types\/post"}],"author":[{"embeddable":true,"href":"https:\/\/www.regioncuatronoticias.com\/index.php\/wp-json\/wp\/v2\/users\/1"}],"replies":[{"embeddable":true,"href":"https:\/\/www.regioncuatronoticias.com\/index.php\/wp-json\/wp\/v2\/comments?post=9958"}],"version-history":[{"count":1,"href":"https:\/\/www.regioncuatronoticias.com\/index.php\/wp-json\/wp\/v2\/posts\/9958\/revisions"}],"predecessor-version":[{"id":9960,"href":"https:\/\/www.regioncuatronoticias.com\/index.php\/wp-json\/wp\/v2\/posts\/9958\/revisions\/9960"}],"wp:featuredmedia":[{"embeddable":true,"href":"https:\/\/www.regioncuatronoticias.com\/index.php\/wp-json\/wp\/v2\/media\/9959"}],"wp:attachment":[{"href":"https:\/\/www.regioncuatronoticias.com\/index.php\/wp-json\/wp\/v2\/media?parent=9958"}],"wp:term":[{"taxonomy":"category","embeddable":true,"href":"https:\/\/www.regioncuatronoticias.com\/index.php\/wp-json\/wp\/v2\/categories?post=9958"},{"taxonomy":"post_tag","embeddable":true,"href":"https:\/\/www.regioncuatronoticias.com\/index.php\/wp-json\/wp\/v2\/tags?post=9958"}],"curies":[{"name":"wp","href":"https:\/\/api.w.org\/{rel}","templated":true}]}}