{"id":9955,"date":"2024-04-24T08:29:36","date_gmt":"2024-04-24T15:29:36","guid":{"rendered":"https:\/\/www.regioncuatronoticias.com\/?p=9955"},"modified":"2024-04-24T08:29:39","modified_gmt":"2024-04-24T15:29:39","slug":"arropan-militantes-de-mc-visita-de-maynez-a-universidad-en-jalisco","status":"publish","type":"post","link":"https:\/\/www.regioncuatronoticias.com\/index.php\/2024\/04\/24\/arropan-militantes-de-mc-visita-de-maynez-a-universidad-en-jalisco\/","title":{"rendered":"Arropan militantes de MC visita de M\u00e1ynez a universidad en Jalisco"},"content":{"rendered":"\n<p><em>Guadalajara, Jal.&nbsp;<\/em>Arropado ahora s\u00ed por un amplio grupo de militantes de Movimiento Ciudadano, el candidato presidencial Jorge \u00c1lvarez Maynez dijo estar preparado y tener lista su estrategia para el debate del domingo pr\u00f3ximo, cuyo resultado se ver\u00e1 reflejado en un nuevo incremento a su favor en las preferencias ciudadanas rumbo al 2 de junio, como ocurri\u00f3 en el primer debate del pasado 7 de abril.<\/p>\n\n\n\n<p>Seg\u00fan el candidato, el primer debate permiti\u00f3 que escalara 7 puntos en las preferencias como se reflej\u00f3 en las encuestas posteriores, por lo que est\u00e1 confiado en que continuar\u00e1 su crecimiento electoral una vez que plante\u00e9 su programa de trabajo y ponga sobre la mesa temas como el desarrollo econ\u00f3mico y pueda dar ejemplos de ello con lo que ocurre en Jalisco y Nuevo Le\u00f3n, entidades ambas gobernadas por el partido naranja y que consider\u00f3 son potencias en la econom\u00eda nacional.<\/p>\n\n\n\n<p>\u201cHay que saber leer las encuestas, hoy vi por ejemplo la de&nbsp;<em>El Pa\u00eds<\/em>, luego me extra\u00f1a c\u00f3mo forzan un tema de intenci\u00f3n del voto y cuando hacen preferencia bruta y preferencia efectiva a mi dejan sin subirme y a las otras candidatas les inventan puntos, distribuyen los indecisos que no son el 9 por ciento, en ninguna encuesta seria los indecisos son el 9 por ciento, hay mucha gente que no ha decidido su voto, el 40 por ciento, y a esas personas estamos apelando\u201d, afirm\u00f3.<\/p>\n\n\n\n<p>Consider\u00f3 que se debe tambi\u00e9n ver el porcentaje de positivos y negativos de \u00e9l y las candidatas, pues por ejemplo el rechazo que tiene X\u00f3chitl G\u00e1lvez al ser la representante del PRI y el PAN con 48 por ciento en esa misma encuesta del diario espa\u00f1ol -&#8220;lo cual se me hace bajo\u201d- entonces, para su aspiraci\u00f3n, eso es un resultado &#8220;muy alentador&#8221;.<\/p>\n\n\n\n<p>\u201cEl debate lo vieron las personas, lo vieron los j\u00f3venes, lo comentan en todo M\u00e9xico y es evidente el efecto que ha habido post debate en la campa\u00f1a, en todas las campa\u00f1as y que estamos creciendo\u201d, sentenci\u00f3.<\/p>\n\n\n\n<p>En su primer acto este martes en Jalisco, en la universidad privada Enrique D\u00edaz de Le\u00f3n, \u00c1lvarez M\u00e1ynez fue acompa\u00f1ado por el candidato a gobernador Pablo Lemus y la candidata a presidenta municipal de Guadalajara, Ver\u00f3nica Delgadillo, en un ambiente festivo donde adem\u00e1s de estudiantes hab\u00eda un nutrido grupo de simpatizantes de MC, luego que en anteriores visitas al estado se notaba el desaire hacia su campa\u00f1a por parte de sus correligionarios tras las declaraciones del gobernador Enrique Alfaro, quien critic\u00f3 las formas de la campa\u00f1a presidencial de MC.<\/p>\n\n\n\n<p>-\u00bfCree que el gobernador Alfaro sea un positivo o un negativo para usted como candidato?<\/p>\n\n\n\n<p>-El gobierno de Jalisco es un activo, porque es un gobierno con resultados en salud, en educaci\u00f3n, en econom\u00eda.<\/p>\n\n\n\n<p>-\u00bfAhora s\u00ed se siente arropado por la gente de MC de Jalisco?<\/p>\n\n\n\n<p>-Son mis amigos, yo he construido con ellos desde hace muchos a\u00f1os y yo siempre le voy a apostar a la unidad y al trabajo en equipo.<\/p>\n\n\n\n<p>Tambi\u00e9n en entrevista destac\u00f3 que impulsar\u00e1, como lo hizo como diputado, una iniciativa para la \u201cmuerte digna\u201d, es decir de eutanasia porque \u201cpienso que es un derecho de las personas\u201d, pero tambi\u00e9n para mejorar los cuidados paliativos, porque ambos forman parte de un mismo tema que se debe atender de forma integral y desde la perspectiva de los derechos humanos.<\/p>\n\n\n\n<p>Adem\u00e1s insisti\u00f3 que en Nuevo Le\u00f3n se est\u00e1 haciendo de la seguridad p\u00fablica un tema electoral, como qued\u00f3 demostrado luego que Adri\u00e1n Garza \u201cquien quer\u00edan que fuera el fiscal estatal\u201d, ahora es el candidato del PRI a la presidencia municipal de Monterrey.<\/p>\n\n\n\n<p>En su discurso ante los estudiantes, entre otros temas afirm\u00f3 que es necesario un programa de salud mental en todas las escuelas desde educaci\u00f3n inicial hasta profesional, el cual permitir\u00eda diagnosticar de manera oportuna y brindar tratamiento y seguimiento a quienes tengan estos padecimientos.<\/p>\n\n\n\n<p>\u201cYo mismo tengo una neurodivergencia. Incluso, en el debate mucha gente me hizo memes de que si era autista. Claro que tengo una tendencia a neurodivergente\u201d, comparti\u00f3 luego en la entrevista con medios.<\/p>\n\n\n\n<p>Al terminar su exposici\u00f3n que incluy\u00f3 preguntas y respuestas con el estudiantado, \u00c1lvarez Maynez se dio un amplio tiempo para tomarse fotograf\u00edas y v\u00eddeos con quienes se lo pidieron, sabedor que cada uno a su vez compartir\u00e1 en redes sociales las im\u00e1genes sonrientes del candidato que insiste en la despenalizaci\u00f3n de la mariguana para evitar que m\u00e1s pobres llenen las c\u00e1rceles del pa\u00eds.<\/p>\n\n\n\n<p>Por la tarde, el aspirante presidencial naranja se reuni\u00f3 con mujeres emprendedoras en un sal\u00f3n de eventos en Zapopan.<\/p>\n","protected":false},"excerpt":{"rendered":"<p>Guadalajara, Jal.&nbsp;Arropado ahora s\u00ed por un amplio grupo de militantes de Movimiento Ciudadano, el candidato presidencial Jorge \u00c1lvarez Maynez dijo estar preparado y tener lista su estrategia para el debate del domingo pr\u00f3ximo, cuyo resultado se ver\u00e1 reflejado en un nuevo incremento a su favor en las preferencias ciudadanas rumbo al 2 de junio, como [&hellip;]<\/p>\n","protected":false},"author":1,"featured_media":9956,"comment_status":"open","ping_status":"open","sticky":false,"template":"","format":"standard","meta":{"content-type":"","footnotes":""},"categories":[123],"tags":[],"class_list":{"0":"post-9955","1":"post","2":"type-post","3":"status-publish","4":"format-standard","5":"has-post-thumbnail","7":"category-elecciones2024"},"_links":{"self":[{"href":"https:\/\/www.regioncuatronoticias.com\/index.php\/wp-json\/wp\/v2\/posts\/9955","targetHints":{"allow":["GET"]}}],"collection":[{"href":"https:\/\/www.regioncuatronoticias.com\/index.php\/wp-json\/wp\/v2\/posts"}],"about":[{"href":"https:\/\/www.regioncuatronoticias.com\/index.php\/wp-json\/wp\/v2\/types\/post"}],"author":[{"embeddable":true,"href":"https:\/\/www.regioncuatronoticias.com\/index.php\/wp-json\/wp\/v2\/users\/1"}],"replies":[{"embeddable":true,"href":"https:\/\/www.regioncuatronoticias.com\/index.php\/wp-json\/wp\/v2\/comments?post=9955"}],"version-history":[{"count":1,"href":"https:\/\/www.regioncuatronoticias.com\/index.php\/wp-json\/wp\/v2\/posts\/9955\/revisions"}],"predecessor-version":[{"id":9957,"href":"https:\/\/www.regioncuatronoticias.com\/index.php\/wp-json\/wp\/v2\/posts\/9955\/revisions\/9957"}],"wp:featuredmedia":[{"embeddable":true,"href":"https:\/\/www.regioncuatronoticias.com\/index.php\/wp-json\/wp\/v2\/media\/9956"}],"wp:attachment":[{"href":"https:\/\/www.regioncuatronoticias.com\/index.php\/wp-json\/wp\/v2\/media?parent=9955"}],"wp:term":[{"taxonomy":"category","embeddable":true,"href":"https:\/\/www.regioncuatronoticias.com\/index.php\/wp-json\/wp\/v2\/categories?post=9955"},{"taxonomy":"post_tag","embeddable":true,"href":"https:\/\/www.regioncuatronoticias.com\/index.php\/wp-json\/wp\/v2\/tags?post=9955"}],"curies":[{"name":"wp","href":"https:\/\/api.w.org\/{rel}","templated":true}]}}