{"id":9931,"date":"2024-04-23T17:48:54","date_gmt":"2024-04-24T00:48:54","guid":{"rendered":"https:\/\/www.regioncuatronoticias.com\/?p=9931"},"modified":"2024-04-23T17:48:56","modified_gmt":"2024-04-24T00:48:56","slug":"elecciones-2024-jorge-alvarez-maynez-propone-cancelar-tramo-5-del-tren-maya","status":"publish","type":"post","link":"https:\/\/www.regioncuatronoticias.com\/index.php\/2024\/04\/23\/elecciones-2024-jorge-alvarez-maynez-propone-cancelar-tramo-5-del-tren-maya\/","title":{"rendered":"Elecciones 2024: Jorge \u00c1lvarez M\u00e1ynez propone cancelar tramo 5 del Tren Maya"},"content":{"rendered":"\n<p>El candidato presidencial de Movimiento Ciudadano (MC), Jorge \u00c1lvarez M\u00e1ynez, prometi\u00f3 que en caso de ganar las elecciones modificar\u00e1 el proyecto del Tren Maya y, en espec\u00edfico, cancelar\u00e1 la construcci\u00f3n del tramo 5 del Tren.<\/p>\n\n\n\n<p>\u201cEl Tren Maya, lo que vamos a hacer es primero el tramo 5, adi\u00f3s, porque el tramo 5 es el m\u00e1s destructivo en t\u00e9rminos de cenote, de cuerpos de agua, y tenemos que adem\u00e1s proteger desde la Constituci\u00f3n a la naturaleza, a darle una figura jur\u00eddica a nuestros manglares, a nuestros cenotes, a nuestros cuerpos de agua para que tengan una protecci\u00f3n jur\u00eddica, as\u00ed como los seres vivos, como los animales\u201d, expres\u00f3 a estudiantes de la Universidad Enrique D\u00edaz de Le\u00f3n de Guadalajara, Jalisco.<\/p>\n\n\n\n<p>En este sentido, el aspirante presidencial recrimin\u00f3 que durante este gobierno el gasto en infraestructura del pa\u00eds fue el m\u00e1s bajo en muchos a\u00f1os, pues si se restan las inversiones que se hicieron en las obras emblem\u00e1ticas de esta administraci\u00f3n como son el Tren Maya, las refiner\u00edas y aeropuertos, el gasto queda en menos del punto del PIB.<\/p>\n\n\n\n<p>Por ello, plante\u00f3 que, en caso de llegar al gobierno, cada a\u00f1o su inversi\u00f3n en materia de infraestructura incrementar\u00e1 100 mil millones de pesos, y la mitad de esos recursos ir\u00e1n a un fondo de desarrollo regional que a su vez ser\u00e1 utilizado en proyectos regionales de infraestructura de la mano de los gobiernos locales.<\/p>\n\n\n\n<p>Asimismo, reiter\u00f3 que pondr\u00e1 en marcha un modelo de energ\u00edas limpias que incluir\u00e1 hacer del Tren Maya un transporte el\u00e9ctrico, \u201cpara generar menos contaminaci\u00f3n y debe apegarse a otros criterios de sustentabilidad (\u2026) La prosperidad no puede dejar de lado la defensa de la naturaleza\u201d, subray\u00f3.<\/p>\n","protected":false},"excerpt":{"rendered":"<p>El candidato presidencial de Movimiento Ciudadano (MC), Jorge \u00c1lvarez M\u00e1ynez, prometi\u00f3 que en caso de ganar las elecciones modificar\u00e1 el proyecto del Tren Maya y, en espec\u00edfico, cancelar\u00e1 la construcci\u00f3n del tramo 5 del Tren. \u201cEl Tren Maya, lo que vamos a hacer es primero el tramo 5, adi\u00f3s, porque el tramo 5 es el [&hellip;]<\/p>\n","protected":false},"author":1,"featured_media":9932,"comment_status":"open","ping_status":"open","sticky":false,"template":"","format":"standard","meta":{"content-type":"","footnotes":""},"categories":[123],"tags":[],"class_list":{"0":"post-9931","1":"post","2":"type-post","3":"status-publish","4":"format-standard","5":"has-post-thumbnail","7":"category-elecciones2024"},"_links":{"self":[{"href":"https:\/\/www.regioncuatronoticias.com\/index.php\/wp-json\/wp\/v2\/posts\/9931","targetHints":{"allow":["GET"]}}],"collection":[{"href":"https:\/\/www.regioncuatronoticias.com\/index.php\/wp-json\/wp\/v2\/posts"}],"about":[{"href":"https:\/\/www.regioncuatronoticias.com\/index.php\/wp-json\/wp\/v2\/types\/post"}],"author":[{"embeddable":true,"href":"https:\/\/www.regioncuatronoticias.com\/index.php\/wp-json\/wp\/v2\/users\/1"}],"replies":[{"embeddable":true,"href":"https:\/\/www.regioncuatronoticias.com\/index.php\/wp-json\/wp\/v2\/comments?post=9931"}],"version-history":[{"count":1,"href":"https:\/\/www.regioncuatronoticias.com\/index.php\/wp-json\/wp\/v2\/posts\/9931\/revisions"}],"predecessor-version":[{"id":9933,"href":"https:\/\/www.regioncuatronoticias.com\/index.php\/wp-json\/wp\/v2\/posts\/9931\/revisions\/9933"}],"wp:featuredmedia":[{"embeddable":true,"href":"https:\/\/www.regioncuatronoticias.com\/index.php\/wp-json\/wp\/v2\/media\/9932"}],"wp:attachment":[{"href":"https:\/\/www.regioncuatronoticias.com\/index.php\/wp-json\/wp\/v2\/media?parent=9931"}],"wp:term":[{"taxonomy":"category","embeddable":true,"href":"https:\/\/www.regioncuatronoticias.com\/index.php\/wp-json\/wp\/v2\/categories?post=9931"},{"taxonomy":"post_tag","embeddable":true,"href":"https:\/\/www.regioncuatronoticias.com\/index.php\/wp-json\/wp\/v2\/tags?post=9931"}],"curies":[{"name":"wp","href":"https:\/\/api.w.org\/{rel}","templated":true}]}}