{"id":9925,"date":"2024-04-23T17:45:29","date_gmt":"2024-04-24T00:45:29","guid":{"rendered":"https:\/\/www.regioncuatronoticias.com\/?p=9925"},"modified":"2024-04-23T17:45:32","modified_gmt":"2024-04-24T00:45:32","slug":"con-desaparicion-de-ppo-regresaremos-a-niveles-altos-de-inseguridad-sheinbaum","status":"publish","type":"post","link":"https:\/\/www.regioncuatronoticias.com\/index.php\/2024\/04\/23\/con-desaparicion-de-ppo-regresaremos-a-niveles-altos-de-inseguridad-sheinbaum\/","title":{"rendered":"Con desaparici\u00f3n de PPO &#8220;regresaremos a niveles altos de inseguridad&#8221;: Sheinbaum"},"content":{"rendered":"\n<p><em>Tampico, Tamps.&nbsp;<\/em>Tras cuestionar el informe del Departamento de Estado de Estados Unidos sobre los derechos humanos en M\u00e9xico, Claudia Sheinbaum, candidata presidencial de la coalici\u00f3n Sigamos Haciendo Historia, advirti\u00f3 que si la Suprema Corte de Justicia de la Naci\u00f3n aprueba desaparecer la prisi\u00f3n preventiva oficiosa, \u201cregresar\u00edamos de nuevo a los niveles m\u00e1s altos de inseguridad\u201d.<\/p>\n\n\n\n<p>Se\u00f1al\u00f3 que esa instancia estadunidense deber\u00eda opinar sobre esa posibilidad, porque \u201ces grav\u00edsimo que puedan salir 60 mil delincuentes a la calle\u201d.<\/p>\n\n\n\n<p>Dijo que se est\u00e1 avanzando en la reducci\u00f3n de la impunidad en el pa\u00eds. \u201cTamaulipas es prueba de que el modelo cambi\u00f3, pasamos de la guerra contra el narco a la construcci\u00f3n de la paz. Esa es la gran diferencia\u201d.<\/p>\n\n\n\n<p>Indic\u00f3 que \u201cen la construcci\u00f3n de la paz hay que seguir avanzando en la disminuci\u00f3n de la impunidad y para ello no solamente es un asunto del Ejecutivo, es de las fiscal\u00edas y del Poder Judicial, que es quien otorga las \u00f3rdenes de aprehensi\u00f3n y de cateo\u201d.<\/p>\n\n\n\n<p>Ese poder tambi\u00e9n, a\u00f1adi\u00f3, \u201ces responsable en la pacificaci\u00f3n del pa\u00eds. Hemos visto la cantidad de amparos que se han dado, pero lo que puede resultar grav\u00edsimo para el pa\u00eds es, en caso de que se avance en la desaparici\u00f3n de la prisi\u00f3n preventiva oficiosa, la posibilidad de qu\u00e9 m\u00e1s de 60 mil delincuentes salgan a la calle\u201d.<\/p>\n\n\n\n<p>Por otro lado, en conferencia de prensa, anticip\u00f3 que solicitar\u00e1 a los representantes de la coalici\u00f3n ante el INE que denuncien a Marko Cort\u00e9s, dirigente del PAN, porque revel\u00f3 que hizo un acuerdo con los cinco gobernadores del PAN para que X\u00f3chitl G\u00e1lvez gane en sus estados.<\/p>\n\n\n\n<p>\u201cSiempre Marko Cort\u00e9s nos transparenta sus acuerdos en lo oscurito. Es incre\u00edble\u201d, mencion\u00f3 al recordar que tambi\u00e9n pact\u00f3 con el gobernador de Coahuila para repartirse hasta notar\u00edas.<\/p>\n\n\n\n<p>\u201cEs ilegal pedirle apoyo a los gobernadores, es un delito electoral. Entonces, lo que acaba de decir Marko Cort\u00e9s es un delito electoral, ya le voy a decir a los compa\u00f1eros que est\u00e1n de representantes en el INE que presenten una queja.<\/p>\n\n\n\n<p>\u00bfNo el INE sanciona al presidente (Andr\u00e9s Manuel L\u00f3pez Obrador) cada que dice algo, una cosa menor relacionada con la elecci\u00f3n?<\/p>\n\n\n\n<p>&#8220;La mejor prueba de que quieren que los gobernadores panistas participen en la elecci\u00f3n es la propia declaraci\u00f3n de Marko Cort\u00e9s&#8221;, subray\u00f3.<br><br>En la conferencia, un reportero le cuestion\u00f3 la candidatura de Eugenio Hern\u00e1ndez -ah\u00ed presente- al Senado, la ex jefa de Gobierno de la Ciudad de M\u00e9xico sostuvo que \u201csi tiene usted pruebas\u201d en contra del ex gobernador \u201cpres\u00e9ntelas\u201d.<\/p>\n\n\n\n<p>Sheinbaum anticip\u00f3 que no tendr\u00e1 actividades p\u00fablicas viernes y s\u00e1bado para prepararse para el segundo debate.<\/p>\n\n\n\n<p>Este martes inici\u00f3 una gira de tres d\u00edas por la huasteca, que incluye Tamaulipas, Veracruz, San Luis Potos\u00ed e Hidalgo\u201d.<\/p>\n","protected":false},"excerpt":{"rendered":"<p>Tampico, Tamps.&nbsp;Tras cuestionar el informe del Departamento de Estado de Estados Unidos sobre los derechos humanos en M\u00e9xico, Claudia Sheinbaum, candidata presidencial de la coalici\u00f3n Sigamos Haciendo Historia, advirti\u00f3 que si la Suprema Corte de Justicia de la Naci\u00f3n aprueba desaparecer la prisi\u00f3n preventiva oficiosa, \u201cregresar\u00edamos de nuevo a los niveles m\u00e1s altos de inseguridad\u201d. [&hellip;]<\/p>\n","protected":false},"author":1,"featured_media":9926,"comment_status":"open","ping_status":"open","sticky":false,"template":"","format":"standard","meta":{"content-type":"","footnotes":""},"categories":[123],"tags":[],"class_list":{"0":"post-9925","1":"post","2":"type-post","3":"status-publish","4":"format-standard","5":"has-post-thumbnail","7":"category-elecciones2024"},"_links":{"self":[{"href":"https:\/\/www.regioncuatronoticias.com\/index.php\/wp-json\/wp\/v2\/posts\/9925","targetHints":{"allow":["GET"]}}],"collection":[{"href":"https:\/\/www.regioncuatronoticias.com\/index.php\/wp-json\/wp\/v2\/posts"}],"about":[{"href":"https:\/\/www.regioncuatronoticias.com\/index.php\/wp-json\/wp\/v2\/types\/post"}],"author":[{"embeddable":true,"href":"https:\/\/www.regioncuatronoticias.com\/index.php\/wp-json\/wp\/v2\/users\/1"}],"replies":[{"embeddable":true,"href":"https:\/\/www.regioncuatronoticias.com\/index.php\/wp-json\/wp\/v2\/comments?post=9925"}],"version-history":[{"count":1,"href":"https:\/\/www.regioncuatronoticias.com\/index.php\/wp-json\/wp\/v2\/posts\/9925\/revisions"}],"predecessor-version":[{"id":9927,"href":"https:\/\/www.regioncuatronoticias.com\/index.php\/wp-json\/wp\/v2\/posts\/9925\/revisions\/9927"}],"wp:featuredmedia":[{"embeddable":true,"href":"https:\/\/www.regioncuatronoticias.com\/index.php\/wp-json\/wp\/v2\/media\/9926"}],"wp:attachment":[{"href":"https:\/\/www.regioncuatronoticias.com\/index.php\/wp-json\/wp\/v2\/media?parent=9925"}],"wp:term":[{"taxonomy":"category","embeddable":true,"href":"https:\/\/www.regioncuatronoticias.com\/index.php\/wp-json\/wp\/v2\/categories?post=9925"},{"taxonomy":"post_tag","embeddable":true,"href":"https:\/\/www.regioncuatronoticias.com\/index.php\/wp-json\/wp\/v2\/tags?post=9925"}],"curies":[{"name":"wp","href":"https:\/\/api.w.org\/{rel}","templated":true}]}}