{"id":9837,"date":"2024-04-23T07:42:21","date_gmt":"2024-04-23T14:42:21","guid":{"rendered":"https:\/\/www.regioncuatronoticias.com\/?p=9837"},"modified":"2024-04-23T07:42:23","modified_gmt":"2024-04-23T14:42:23","slug":"aprueba-la-camara-fondo-de-pensiones-para-el-bienestar","status":"publish","type":"post","link":"https:\/\/www.regioncuatronoticias.com\/index.php\/2024\/04\/23\/aprueba-la-camara-fondo-de-pensiones-para-el-bienestar\/","title":{"rendered":"Aprueba la C\u00e1mara Fondo de Pensiones para el Bienestar"},"content":{"rendered":"\n<p><em>Ciudad de M\u00e9xico.&nbsp;<\/em>En una jornada en la cual los dos bloques de la C\u00e1mara de Diputados cruzaron acusaciones de aplicar f\u00f3rmulas que no han logrado resolver de fondo la crisis del sistema de pensiones, los legisladores aprobaron anoche una reforma para constituir el Fondo de Pensiones para el Bienestar, que busca procurar el pago de un complemento a trabajadores en retiro, que les permita recibir hasta 16 mil 777.68 pesos al mes.<\/p>\n\n\n\n<p>Los recursos para sustentar dicho pago provendr\u00e1n esencialmente, seg\u00fan la minuta enviada al Senado para su discusi\u00f3n, de la transferencia a un fideicomiso de las subcuentas de cesant\u00eda y de vivienda de las cuentas individuales de trabajadores de m\u00e1s de 70 a\u00f1os que no han sido reclamadas, y en las que se calcula existen m\u00e1s de 40 mil millones de pesos.<\/p>\n\n\n\n<p>El bloque mayoritario reconoci\u00f3 que el fondo funcionar\u00e1 en el largo plazo, pues la mayor\u00eda de los trabajadores a quienes est\u00e1 dirigida la reforma y comenzaron a cotizar en 1997, tramitar\u00e1n su retiro a partir de 2027.<\/p>\n\n\n\n<p>El alcance de la modificaci\u00f3n gener\u00f3 un r\u00edspido debate \u2013incluso con insultos\u2013 de m\u00e1s de nueve horas en el pleno, donde las bancadas aprovecharon la tribuna para enviar mensajes de car\u00e1cter electoral. As\u00ed, cada bando habl\u00f3 a sus nichos de votaci\u00f3n.<\/p>\n\n\n\n<p>Ignacio Mier, quien firm\u00f3 la iniciativa \u2013aprobada con 251 votos en favor, 199 en contra y cuatro abstenciones\u2013, se dirigi\u00f3 a las c\u00e1maras del Canal del Congreso:&nbsp;<q>t\u00fa, mujer que trabajas; trabajador de M\u00e9xico, PRI y PAN podr\u00e1n vivir en la comodidad de 30 a\u00f1os de corrupci\u00f3n, pero t\u00fa mereces vivir dignamente, con autonom\u00eda<\/q>.<\/p>\n\n\n\n<p>En medio de los gritos que surgieron desde las curules panistas, Mier les solt\u00f3:&nbsp;<q>ustedes seguir\u00e1n siendo miserablemente foxistas y calderonistas, y eso nadie se los va a quitar<\/q>.<\/p>\n\n\n\n<p>Patricia Terrazas (PAN) le record\u00f3 que, como pri\u00edsta en la 57 Legislatura, Mier vot\u00f3 en favor de legalizar el Fobaproa. Al calor de los mensajes, avanz\u00f3:&nbsp;<q>le van a meter las u\u00f1as al caj\u00f3n del dinero de los ahorradores mexicanos. Aqu\u00ed hay diputados de Morena que han avalado robos al pueblo de M\u00e9xico. El proponente aprob\u00f3 el Fobaproa<\/q>.<\/p>\n\n\n\n<p>La estrategia del PAN tambi\u00e9n se centr\u00f3 en el juego electoral: todos sus oradores que desfilaron por la tribuna son candidatos a la relecci\u00f3n como diputados.<\/p>\n\n\n\n<p>Adem\u00e1s, el eje del discurso opositor se centr\u00f3 en la denuncia de que la reforma es confiscatoria de los ahorros individuales de los trabajadores y que el fondo no ser\u00e1 suficiente para cubrir el pago complementario de pensiones.<\/p>\n\n\n\n<p>Morena acus\u00f3 entonces que los m\u00e1s de 40 mil millones de pesos no reclamados no son devueltos por las Afore y endilg\u00f3 el rechazo de la oposici\u00f3n a un inter\u00e9s de proteger a las administradoras y a los banqueros.<\/p>\n\n\n\n<p>Rosendo Medina expres\u00f3 el contraste entre los dos proyectos que se disputan la Presidencia:&nbsp;<q>nosotros defendemos al pueblo, ustedes a los banqueros, las trasnacionales, a los due\u00f1os de las Afore, a los que explotan al pueblo<\/q>.<\/p>\n\n\n\n<p>En ese tenor, su compa\u00f1ero de bancada Joaqu\u00edn Zebad\u00faa sostuvo que en el sistema de pensiones&nbsp;<q>los bancos ganaron m\u00e1s, los patrones dieron menos y los pol\u00edticos corruptos se enriquecieron<\/q>.<\/p>\n\n\n\n<p>La bancada mayoritaria tambi\u00e9n endos\u00f3 al PRI y al PAN su aval, el 15 de diciembre de 2002, a una reforma de Vicente Fox, para disponer de 20 mil millones de pesos de cuentas inactivas. Ante ese discurso machac\u00f3n, Mariana G\u00f3mez del Campo mostr\u00f3 la s\u00e1bana de la votaci\u00f3n de ese d\u00eda.<\/p>\n\n\n\n<p><q>Se aprob\u00f3 pr\u00e1cticamente por unanimidad. Y aqu\u00ed hay nombres, no s\u00e9 si les suene F\u00e9lix Salgado, Alberto Anaya, Jorge Carlos Ram\u00edrez Mar\u00edn, Omar Fayad. Ustedes votaron aquella reforma. Rateros, corruptos y mentirosos<\/q>, exclam\u00f3.<\/p>\n\n\n\n<p>Yolanda de la Torre acus\u00f3 que la reforma es \u201cun falso&nbsp;<em>Chucho El Roto<\/em>&nbsp;legislativo\u201d y la diputada&nbsp;<em>trans<\/em>&nbsp;Mar\u00eda Fernanda F\u00e9lix Fregoso (MC) expres\u00f3 la contradicci\u00f3n de la reforma:&nbsp;<q>antes quer\u00edan devolverle al pueblo lo robado. Ahora quieren robarle el pueblo lo ahorrado<\/q>.<\/p>\n\n\n\n<p>Insisti\u00f3:&nbsp;<q>Quieren sacrificar al pueblo bueno y sabio. Es inhumano tomar el dinero de las Afore<\/q>. Y mientras se dirig\u00eda hacia las filas de Morena, lanz\u00f3: \u201cLes recomiendo que se revisen la vista, porque en los muros de este recinto hay una frase que dice \u2018La patria es primero\u2019, pero ustedes leen \u2018la patria es dinero\u2019\u201d.<\/p>\n\n\n\n<p>Jubilarse con un ingreso igual al \u00faltimo salario, la gran conquista \/\/ Los titulares podr\u00e1n acceder a su capital en cualquier momento<\/p>\n\n\n\n<p>Clara Zepeda<\/p>\n\n\n\n<p>El objetivo de la creaci\u00f3n del Fondo de Pensiones para el Bienestar es que las personas que cotizan desde el primero de julio de 1997 puedan obtener una pensi\u00f3n de 100 por ciento de su \u00faltimo salario una vez que lleguen a edad de retiro, de acuerdo con el dictamen aprobado ayer en la C\u00e1mara de Diputados.<\/p>\n\n\n\n<p>Una reserva de \u00faltimo momento promovida por Morena especifica que ese fondo dar\u00e1 un complemento a las pensiones de los trabajadores que se jubilen a la edad de 65 a\u00f1os bajo el sistema Afore y cuya pensi\u00f3n sea igual o menor a 17 mil 777.68 pesos al mes, que equivale al salario mensual promedio registrado en 2023 el IMSS, actualizado por la inflaci\u00f3n estimada para 2024.<\/p>\n\n\n\n<p>La modificaci\u00f3n enfatiza que ese monto&nbsp;<q>deber\u00e1 actualizarse el primero de enero de cada a\u00f1o, de acuerdo con la inflaci\u00f3n estimada para el a\u00f1o correspondiente<\/q>.<\/p>\n\n\n\n<p><strong>Fuentes de financiamiento<\/strong><\/p>\n\n\n\n<p>El fondo ser\u00e1 financiado de diversas fuentes, como los ingresos del Instituto para Devolver al Pueblo lo Robado; o las utilidades que generen las entidades paraestatales sectorizadas en las secretar\u00edas de la Defensa Nacional y de la Marina, como el Aeropuerto Internacional Felipe \u00c1ngeles o el Tren Maya.<\/p>\n\n\n\n<p>Uno de los puntos del dictamen discutido ayer, que gener\u00f3 m\u00e1s debate, fue la aprobaci\u00f3n de que los recursos de las cuentas de trabajadores que tienen 70 a\u00f1os o m\u00e1s, y que no han sido reclamados, pasen al fondo semilla.<\/p>\n\n\n\n<p>Provenientes de cuentas inactivas bajo resguardo de las Administradoras de fondos para el retiro (Afore) se estima que pasen hasta 40 mil millones de pesos al nuevo fondo y 4 mil 500 millones m\u00e1s de los que tiene bajo su resguardo el Instituto del Fondo Nacional de la Vivienda para los Trabajadores.<\/p>\n\n\n\n<p>El dictamen aprobado enfatiza que&nbsp;<q>el fondo contar\u00e1 con una reserva constituida con cargo a los recursos de la subcuenta, a fin de garantizar la suficiencia financiera para que el instituto pueda llevar a cabo, en su caso, la devoluci\u00f3n de los recursos de los trabajadores, pensionados o beneficiarios<\/q>.<\/p>\n\n\n\n<p>Es decir, que cuando estos recursos sean exigidos por el trabajador o sus beneficiarios, se deben entregar sin m\u00e1s.<\/p>\n\n\n\n<p><strong>Cambiar la taza de remplazo<\/strong><\/p>\n\n\n\n<p>El fondo de pensiones servir\u00e1 como un veh\u00edculo de coordinaci\u00f3n para que el Instituto Mexicano del Seguro Social (IMSS) y las Afore puedan consolidar e invertir los recursos, as\u00ed como establecer una reserva con el objeto de respetar el derecho de los trabajadores a obtener una pensi\u00f3n o, en su caso, la devoluci\u00f3n de los recursos que ahorraron en su subcuenta de retiro y que sean transferidos al fondo de pensiones. Y as\u00ed cambiar la realidad de la tasa de remplazo, actualmente de 30 por ciento.<\/p>\n\n\n\n<p><q>Los recursos que sean aportados a este fondo pensionario deber\u00e1n permanecer e invertirse en el mismo hasta que sea destinado a sus fines, por lo que no podr\u00e1n utilizarse para contribuir al equilibrio presupuestario<\/q>, expone el dictamen.<\/p>\n\n\n\n<p>El fondo de pensiones, cuyo fiduciario ser\u00e1 el Banco de M\u00e9xico, contar\u00e1 con un comit\u00e9 t\u00e9cnico que deber\u00e1 emitir las reglas sobre la recepci\u00f3n, administraci\u00f3n, inversi\u00f3n, reservas, rendimientos y reversi\u00f3n de recursos al IMSS.<\/p>\n\n\n\n<p>Cabe resaltar que en el dictamen no se detalla de cu\u00e1nto ser\u00e1 el complemento a las pensiones que se dar\u00e1 con los recursos del Fondo. No dice, por ejemplo, si el apoyo ser\u00e1 para que los trabajadores tengan una pensi\u00f3n igual a su \u00faltimo salario, consider\u00f3 Rolando Silva, vicepresidente fiscal del Instituto M\u00e9xico de Contadores P\u00fablicos.<\/p>\n\n\n\n<p>Por su parte, Guillermo Zamarripa, presidente de la Asociaci\u00f3n Mexicana de Afore, afirm\u00f3 que no le ven&nbsp;<q>mayor problema a la iniciativa<\/q>&nbsp;que se aprob\u00f3 este lunes, pues ya se especific\u00f3 que el fondo de pensiones, que arranca el primero de mayo, s\u00f3lo se financiar\u00e1 con cuentas inactivas.<\/p>\n","protected":false},"excerpt":{"rendered":"<p>Ciudad de M\u00e9xico.&nbsp;En una jornada en la cual los dos bloques de la C\u00e1mara de Diputados cruzaron acusaciones de aplicar f\u00f3rmulas que no han logrado resolver de fondo la crisis del sistema de pensiones, los legisladores aprobaron anoche una reforma para constituir el Fondo de Pensiones para el Bienestar, que busca procurar el pago de [&hellip;]<\/p>\n","protected":false},"author":1,"featured_media":9838,"comment_status":"open","ping_status":"open","sticky":false,"template":"","format":"standard","meta":{"content-type":"","footnotes":""},"categories":[3,105],"tags":[],"class_list":{"0":"post-9837","1":"post","2":"type-post","3":"status-publish","4":"format-standard","5":"has-post-thumbnail","7":"category-mexico","8":"category-principal"},"_links":{"self":[{"href":"https:\/\/www.regioncuatronoticias.com\/index.php\/wp-json\/wp\/v2\/posts\/9837","targetHints":{"allow":["GET"]}}],"collection":[{"href":"https:\/\/www.regioncuatronoticias.com\/index.php\/wp-json\/wp\/v2\/posts"}],"about":[{"href":"https:\/\/www.regioncuatronoticias.com\/index.php\/wp-json\/wp\/v2\/types\/post"}],"author":[{"embeddable":true,"href":"https:\/\/www.regioncuatronoticias.com\/index.php\/wp-json\/wp\/v2\/users\/1"}],"replies":[{"embeddable":true,"href":"https:\/\/www.regioncuatronoticias.com\/index.php\/wp-json\/wp\/v2\/comments?post=9837"}],"version-history":[{"count":1,"href":"https:\/\/www.regioncuatronoticias.com\/index.php\/wp-json\/wp\/v2\/posts\/9837\/revisions"}],"predecessor-version":[{"id":9839,"href":"https:\/\/www.regioncuatronoticias.com\/index.php\/wp-json\/wp\/v2\/posts\/9837\/revisions\/9839"}],"wp:featuredmedia":[{"embeddable":true,"href":"https:\/\/www.regioncuatronoticias.com\/index.php\/wp-json\/wp\/v2\/media\/9838"}],"wp:attachment":[{"href":"https:\/\/www.regioncuatronoticias.com\/index.php\/wp-json\/wp\/v2\/media?parent=9837"}],"wp:term":[{"taxonomy":"category","embeddable":true,"href":"https:\/\/www.regioncuatronoticias.com\/index.php\/wp-json\/wp\/v2\/categories?post=9837"},{"taxonomy":"post_tag","embeddable":true,"href":"https:\/\/www.regioncuatronoticias.com\/index.php\/wp-json\/wp\/v2\/tags?post=9837"}],"curies":[{"name":"wp","href":"https:\/\/api.w.org\/{rel}","templated":true}]}}