{"id":9824,"date":"2024-04-22T19:06:26","date_gmt":"2024-04-23T02:06:26","guid":{"rendered":"https:\/\/www.regioncuatronoticias.com\/?p=9824"},"modified":"2024-04-22T19:06:28","modified_gmt":"2024-04-23T02:06:28","slug":"ugocp-y-24-agrupaciones-de-la-sociedad-civil-de-cajeme-se-suman-a-beltrones","status":"publish","type":"post","link":"https:\/\/www.regioncuatronoticias.com\/index.php\/2024\/04\/22\/ugocp-y-24-agrupaciones-de-la-sociedad-civil-de-cajeme-se-suman-a-beltrones\/","title":{"rendered":"UGOCP y 24 agrupaciones de la sociedad civil de Cajeme, se suman a Beltrones"},"content":{"rendered":"\n<p>Ciudad Obreg\u00f3n, abril 22 de 2024.- El hist\u00f3rico l\u00edder y gu\u00eda moral de la Uni\u00f3n General Campesina Popular (UGOCP) Miguel \u00c1ngel Castro Cos\u00edo dijo que es momento de definiciones, llam\u00f3 al voto de castigo a este gobierno de Morena y anuncio su respaldo p\u00fablico a la candidatura al Senado de Manlio Fabio Beltrones por la coalici\u00f3n Fuerza y Coraz\u00f3n por M\u00e9xico.<\/p>\n\n\n\n<p>Impulsor de la acuacultura social en el sur de Sonora y hermano del actual gobernador de Morena en BCS, Ram\u00f3n Castro Cos\u00edo, el l\u00edder de la UGOCP, record\u00f3 que Beltrones como gobernador de Sonora fue el \u00fanico que los escucho, atendi\u00f3 y apoyo para desarrollar la acuacultura social que gener\u00f3 miles de empleos en el sur de Sonora.<\/p>\n\n\n\n<p>\u201cCuando \u00e9l fue Gobernador del Estado a nosotros los acuacultores nos ayud\u00f3, nos apoy\u00f3, escuch\u00f3 y entendi\u00f3 correctamente que pod\u00edamos hacer en el tema de la acuacultura\u201d, resalt\u00f3.<\/p>\n\n\n\n<p>La reuni\u00f3n sirvi\u00f3 de marco para que organizaciones civiles agrupadas en CAJEME UNIDO, cerrar\u00e1 filas con la candidatura de Manlio Fabio Beltrones y con la coalici\u00f3n Fuerza y Coraz\u00f3n por Sonora como la \u00fanica opci\u00f3n posible para cerrarle el paso a los gobiernos de Morena que tiene en total abandono a las ciudades y al campo sonorense.<\/p>\n\n\n\n<p><strong>\u00c9STE ES EL CAJEME QUE QUIERO VER, COMBATIVO Y DISPUESTO A LUCHAR: BELTRONES<\/strong><\/p>\n\n\n\n<p>En respuesta, Beltrones Rivera coment\u00f3 que este es el Cajeme que quiere ver, indignado y dispuesto a hacer el cambio y defender lo que este gobierno les ha arrebatado.<\/p>\n\n\n\n<p>\u201cSalgamos todos juntos, me da mucho gusto encontrar a Cajeme lleno de mujeres de fuerza, de hombres indignados, luchadores, que protestan, que dan la cara, que confrontan y eso lo podemos hacer el 2 de junio\u201d<\/p>\n\n\n\n<p><strong>ENTREGAN ORGANIZACIONES CIVILES PROPUESTAS A BELTRONES Y RESPALDAN VAYA AL SENADO<\/strong><\/p>\n\n\n\n<p>De igual manera, 24 organizaciones civiles de Cajeme integrados por organismos empresariales, agr\u00edcolas, del sector social, activistas por el agua, medio ambiente, entre otras, dieron el aval para que Manlio Fabio Beltrones llegue al Senado y se convierta en un aliado para Cajeme y el valle del Yaqui.<\/p>\n\n\n\n<p>A nombre de las organizaciones, Omar Guillen Partida hizo entrega a Manlio Fabio Beltrones y a la f\u00f3rmula de candidatos a la alcald\u00eda, diputaci\u00f3n federal y locales,&nbsp; propuestas relacionadas con la gesti\u00f3n para la ampliaci\u00f3n de la planta desaladora de Guaymas-Empalme, el impulso de pol\u00edticas p\u00fablicas para mayor inversi\u00f3n en seguridad p\u00fablica, equipamiento urbano y desarrollo econ\u00f3mico.<\/p>\n\n\n\n<p><strong>RESPALDA RICARDO BOURS A BELTRONES Y LLAMA DEFENDER VOTO<\/strong><\/p>\n\n\n\n<p>El empresario y ex alcalde de Cajeme, Ricardo Bours Castelo, se\u00f1al\u00f3 que la presencia de Manlio Fabio Beltrones es fundamental en el Senado para tener un verdadero aliado de Cajeme y de Sonora para regresar las pol\u00edticas p\u00fablicas y regresar los programas sociales que le han quitado a Sonora.<\/p>\n\n\n\n<p>\u201cTodos sabemos de la capacidad de Manlio para escuchar, para atender y resolver asuntos, en su gobierno se consigui\u00f3 que el aeropuerto de Obreg\u00f3n fuera internacional, gestion\u00f3 tener en Obreg\u00f3n una Subsecretaria de Desarrollo Econ\u00f3mico, cuanta falta hace ya quisi\u00e9ramos ahorita\u201d, se\u00f1al\u00f3.<\/p>\n\n\n\n<p>Bours Castelo llam\u00f3 a salir a votar el 2 de junio, llam\u00f3 a registrarse como funcionarios de casillas y a defender el voto el d\u00eda de la elecci\u00f3n.<\/p>\n","protected":false},"excerpt":{"rendered":"<p>Ciudad Obreg\u00f3n, abril 22 de 2024.- El hist\u00f3rico l\u00edder y gu\u00eda moral de la Uni\u00f3n General Campesina Popular (UGOCP) Miguel \u00c1ngel Castro Cos\u00edo dijo que es momento de definiciones, llam\u00f3 al voto de castigo a este gobierno de Morena y anuncio su respaldo p\u00fablico a la candidatura al Senado de Manlio Fabio Beltrones por la [&hellip;]<\/p>\n","protected":false},"author":1,"featured_media":9825,"comment_status":"open","ping_status":"open","sticky":false,"template":"","format":"standard","meta":{"content-type":"","footnotes":""},"categories":[123,115,9],"tags":[],"class_list":{"0":"post-9824","1":"post","2":"type-post","3":"status-publish","4":"format-standard","5":"has-post-thumbnail","7":"category-elecciones2024","8":"category-politica","9":"category-sonora"},"_links":{"self":[{"href":"https:\/\/www.regioncuatronoticias.com\/index.php\/wp-json\/wp\/v2\/posts\/9824","targetHints":{"allow":["GET"]}}],"collection":[{"href":"https:\/\/www.regioncuatronoticias.com\/index.php\/wp-json\/wp\/v2\/posts"}],"about":[{"href":"https:\/\/www.regioncuatronoticias.com\/index.php\/wp-json\/wp\/v2\/types\/post"}],"author":[{"embeddable":true,"href":"https:\/\/www.regioncuatronoticias.com\/index.php\/wp-json\/wp\/v2\/users\/1"}],"replies":[{"embeddable":true,"href":"https:\/\/www.regioncuatronoticias.com\/index.php\/wp-json\/wp\/v2\/comments?post=9824"}],"version-history":[{"count":1,"href":"https:\/\/www.regioncuatronoticias.com\/index.php\/wp-json\/wp\/v2\/posts\/9824\/revisions"}],"predecessor-version":[{"id":9826,"href":"https:\/\/www.regioncuatronoticias.com\/index.php\/wp-json\/wp\/v2\/posts\/9824\/revisions\/9826"}],"wp:featuredmedia":[{"embeddable":true,"href":"https:\/\/www.regioncuatronoticias.com\/index.php\/wp-json\/wp\/v2\/media\/9825"}],"wp:attachment":[{"href":"https:\/\/www.regioncuatronoticias.com\/index.php\/wp-json\/wp\/v2\/media?parent=9824"}],"wp:term":[{"taxonomy":"category","embeddable":true,"href":"https:\/\/www.regioncuatronoticias.com\/index.php\/wp-json\/wp\/v2\/categories?post=9824"},{"taxonomy":"post_tag","embeddable":true,"href":"https:\/\/www.regioncuatronoticias.com\/index.php\/wp-json\/wp\/v2\/tags?post=9824"}],"curies":[{"name":"wp","href":"https:\/\/api.w.org\/{rel}","templated":true}]}}