{"id":9805,"date":"2024-04-22T12:40:10","date_gmt":"2024-04-22T19:40:10","guid":{"rendered":"https:\/\/www.regioncuatronoticias.com\/?p=9805"},"modified":"2024-04-22T12:40:12","modified_gmt":"2024-04-22T19:40:12","slug":"se-compromete-maria-dolores-del-rio-a-gestionar-recursos-para-infraestructura","status":"publish","type":"post","link":"https:\/\/www.regioncuatronoticias.com\/index.php\/2024\/04\/22\/se-compromete-maria-dolores-del-rio-a-gestionar-recursos-para-infraestructura\/","title":{"rendered":"Se compromete Mar\u00eda Dolores del R\u00edo a gestionar recursos para infraestructura"},"content":{"rendered":"\n<p><strong>Hermosillo, Sonora a 22 de abril del 2024<\/strong>. Se compromete la candidata a la alcald\u00eda de Hermosillo por Morena, Mar\u00eda Dolores del R\u00edo a la gesti\u00f3n directa de recursos con el Gobierno Federal y el Estatal para la inversi\u00f3n de infraestructura y pavimentaci\u00f3n para la ciudad.<\/p>\n\n\n\n<p>En su primera conferencia de prensa, la candidata, record\u00f3 que son seis pilares fundamentales que se tienen por trabajar para Hermosillo, entre ellos, el tema de infraestructura y pavimentaci\u00f3n, debido a las malas condiciones de las principales avenida y calles.<\/p>\n\n\n\n<p>Otro de los proyectos que mencion\u00f3 Mar\u00eda Dolores del R\u00edo que contempla realizar en caso de llegar a la presidencia municipal es la ampliaci\u00f3n de la carretera a cuatro carriles de Hermosillo a Bah\u00eda de Kino.<\/p>\n\n\n\n<p>\u201cHabr\u00e1 un mayor presupuesto destinado a infraestructura y programas que promueva el ciclismo y otras modalidades activas, como el mismo peat\u00f3n, es lo que yo dec\u00eda, la ciudad est\u00e1 pensada en funci\u00f3n del autom\u00f3vil, desde cuando no vemos la l\u00edneas pintadas por donde cruzar, desde cuando no vemos los se\u00f1alamientos que nos adviertan por donde la gente puede caminar\u201d.<\/p>\n\n\n\n<p>Dijo que durante cada semana, estar\u00e1 presentado cada una de sus propuestas en diferentes temas, pero adem\u00e1s escuchar\u00e1 la opini\u00f3n de los diferentes sectores de ciudadanos.<\/p>\n","protected":false},"excerpt":{"rendered":"<p>Hermosillo, Sonora a 22 de abril del 2024. Se compromete la candidata a la alcald\u00eda de Hermosillo por Morena, Mar\u00eda Dolores del R\u00edo a la gesti\u00f3n directa de recursos con el Gobierno Federal y el Estatal para la inversi\u00f3n de infraestructura y pavimentaci\u00f3n para la ciudad. En su primera conferencia de prensa, la candidata, record\u00f3 [&hellip;]<\/p>\n","protected":false},"author":1,"featured_media":9806,"comment_status":"open","ping_status":"open","sticky":false,"template":"","format":"standard","meta":{"content-type":"","footnotes":""},"categories":[123],"tags":[],"class_list":{"0":"post-9805","1":"post","2":"type-post","3":"status-publish","4":"format-standard","5":"has-post-thumbnail","7":"category-elecciones2024"},"_links":{"self":[{"href":"https:\/\/www.regioncuatronoticias.com\/index.php\/wp-json\/wp\/v2\/posts\/9805","targetHints":{"allow":["GET"]}}],"collection":[{"href":"https:\/\/www.regioncuatronoticias.com\/index.php\/wp-json\/wp\/v2\/posts"}],"about":[{"href":"https:\/\/www.regioncuatronoticias.com\/index.php\/wp-json\/wp\/v2\/types\/post"}],"author":[{"embeddable":true,"href":"https:\/\/www.regioncuatronoticias.com\/index.php\/wp-json\/wp\/v2\/users\/1"}],"replies":[{"embeddable":true,"href":"https:\/\/www.regioncuatronoticias.com\/index.php\/wp-json\/wp\/v2\/comments?post=9805"}],"version-history":[{"count":1,"href":"https:\/\/www.regioncuatronoticias.com\/index.php\/wp-json\/wp\/v2\/posts\/9805\/revisions"}],"predecessor-version":[{"id":9807,"href":"https:\/\/www.regioncuatronoticias.com\/index.php\/wp-json\/wp\/v2\/posts\/9805\/revisions\/9807"}],"wp:featuredmedia":[{"embeddable":true,"href":"https:\/\/www.regioncuatronoticias.com\/index.php\/wp-json\/wp\/v2\/media\/9806"}],"wp:attachment":[{"href":"https:\/\/www.regioncuatronoticias.com\/index.php\/wp-json\/wp\/v2\/media?parent=9805"}],"wp:term":[{"taxonomy":"category","embeddable":true,"href":"https:\/\/www.regioncuatronoticias.com\/index.php\/wp-json\/wp\/v2\/categories?post=9805"},{"taxonomy":"post_tag","embeddable":true,"href":"https:\/\/www.regioncuatronoticias.com\/index.php\/wp-json\/wp\/v2\/tags?post=9805"}],"curies":[{"name":"wp","href":"https:\/\/api.w.org\/{rel}","templated":true}]}}