{"id":9799,"date":"2024-04-22T11:46:02","date_gmt":"2024-04-22T18:46:02","guid":{"rendered":"https:\/\/www.regioncuatronoticias.com\/?p=9799"},"modified":"2024-04-22T11:46:04","modified_gmt":"2024-04-22T18:46:04","slug":"candidato-de-atil-cancela-arranque-de-campana-por-enfrentamientos-armados","status":"publish","type":"post","link":"https:\/\/www.regioncuatronoticias.com\/index.php\/2024\/04\/22\/candidato-de-atil-cancela-arranque-de-campana-por-enfrentamientos-armados\/","title":{"rendered":"Candidato de \u00c1til, cancela arranque de campa\u00f1a por enfrentamientos armados"},"content":{"rendered":"\n<p>La sede del Partido Sonorense en el municipio de \u00c1til era el lugar en donde su candidato a alcalde, Juan Francisco Calder\u00f3n, pretend\u00eda arrancar su campa\u00f1a este 21 de abril. Sin embargo, el evento fue cancelado.<\/p>\n\n\n\n<p>A trav\u00e9s de sus redes sociales, el aspirante a la Presidencia Municipal anunci\u00f3 que \u201cpor motivos de fuerza mayor se cancela el evento de apertura que se ten\u00eda programado el d\u00eda de hoy\u201d, seg\u00fan inform\u00f3 el medio local Ariete Caborca.<\/p>\n\n\n\n<p>El candidato del PS no ofreci\u00f3 detalles respecto a las razones que llevaron a su equipo a postergar el inicio de sus actividades proselitistas, pero el citado medio apunt\u00f3 que estar\u00eda relacionado al ambiente de violencia que prevalece en la regi\u00f3n.<\/p>\n\n\n\n<p>Desde la tarde del 18 de abril circularon reportes extraoficiales sobre la presencia de grupos armados que protagonizaban un enfrentamiento en el tramo carretero que conecta a \u00c1til con Tubutama.<\/p>\n\n\n\n<p>La situaci\u00f3n de riesgo, seg\u00fan la prensa local, se repiti\u00f3 durante la noche del 20 de abril, cuando surgieron alertas de nuevas confrontaciones en la misma regi\u00f3n. Los datos compartidos por Ariete Caborca apuntaban que en esta ocasi\u00f3n, el intercambio de balas se habr\u00eda extendido durante cerca de 12 horas, por lo que no habr\u00eda condiciones de seguridad para llevar a cabo el evento del candidato.<\/p>\n\n\n\n<p>Infobae M\u00e9xico contact\u00f3 al candidato para conocer mayores detalles sobre esta situaci\u00f3n, pero hasta el momento de la presente publicaci\u00f3n no hubo respuesta de su parte.<\/p>\n\n\n\n<p>\u201cEs cordialmente invitado usted y su apreciable familia a la apertura de campa\u00f1a de su servidor, Profe. Juan Fco. Calder\u00f3n M\u00e9ndez. Este pr\u00f3ximo domingo 21 de abril, en punto de las 3:30 de la tarde en el lugar que ocupa nuestro partido en casa de Don Rub\u00e9n Ur\u00edas\u201d, es el mensaje con el que el candidato hab\u00eda invitado a los habitantes de \u00c1til al encuentro.<\/p>\n\n\n\n<p>Desde finales de 2023, el municipio de \u00c1til y territorios aleda\u00f1os han sido escenarios de m\u00faltiples enfrentamientos entre c\u00e9lulas delictivas.<\/p>\n\n\n\n<p>Los reportes disponibles refieren que esto ser\u00eda resultado de la pugna que mantienen Los Chapitos con grupos aliados de Ismael \u2018El Mayo\u2019 Zambada, as\u00ed como con brazos armados que antes trabajaban bajo sus \u00f3rdenes pero empezaron a operar de forma independiente, como Los Cazadores.<\/p>\n\n\n\n<p>Investigaciones del Departamento de Seguridad Nacional de Estados Unidos, citadas en 2022 por Zeta Tijuana, identificaron que \u00c1til era una de las zonas de influencia de Los Chapitos, al igual que Altar, El S\u00e1sabe, Benjam\u00edn Hill, Pitiquito, Tubutama, S\u00e1ric y Magdalena de Kino.<\/p>\n\n\n\n<p>En febreto de 2024, una serie de cateos en Magdalena de Kino, Hermosillo y Tubutama derivaron en la captura de Gildardo Dom\u00ednguez, alias \u2018El Copechi\u2019, ubicado como presunto jefe de plaza de Los Cazadores y uno de los principales lugartenientes de Jes\u00fas Humberto Lim\u00f3n L\u00f3pez, alias \u2018El Chubeto\u2019 o \u2018El Cazador\u2019, exl\u00edder de esta organizaci\u00f3n que fue detenido en junio de 2021.<\/p>\n","protected":false},"excerpt":{"rendered":"<p>La sede del Partido Sonorense en el municipio de \u00c1til era el lugar en donde su candidato a alcalde, Juan Francisco Calder\u00f3n, pretend\u00eda arrancar su campa\u00f1a este 21 de abril. Sin embargo, el evento fue cancelado. A trav\u00e9s de sus redes sociales, el aspirante a la Presidencia Municipal anunci\u00f3 que \u201cpor motivos de fuerza mayor [&hellip;]<\/p>\n","protected":false},"author":1,"featured_media":9800,"comment_status":"open","ping_status":"open","sticky":false,"template":"","format":"standard","meta":{"content-type":"","footnotes":""},"categories":[123,113],"tags":[],"class_list":{"0":"post-9799","1":"post","2":"type-post","3":"status-publish","4":"format-standard","5":"has-post-thumbnail","7":"category-elecciones2024","8":"category-seguridad"},"_links":{"self":[{"href":"https:\/\/www.regioncuatronoticias.com\/index.php\/wp-json\/wp\/v2\/posts\/9799","targetHints":{"allow":["GET"]}}],"collection":[{"href":"https:\/\/www.regioncuatronoticias.com\/index.php\/wp-json\/wp\/v2\/posts"}],"about":[{"href":"https:\/\/www.regioncuatronoticias.com\/index.php\/wp-json\/wp\/v2\/types\/post"}],"author":[{"embeddable":true,"href":"https:\/\/www.regioncuatronoticias.com\/index.php\/wp-json\/wp\/v2\/users\/1"}],"replies":[{"embeddable":true,"href":"https:\/\/www.regioncuatronoticias.com\/index.php\/wp-json\/wp\/v2\/comments?post=9799"}],"version-history":[{"count":1,"href":"https:\/\/www.regioncuatronoticias.com\/index.php\/wp-json\/wp\/v2\/posts\/9799\/revisions"}],"predecessor-version":[{"id":9801,"href":"https:\/\/www.regioncuatronoticias.com\/index.php\/wp-json\/wp\/v2\/posts\/9799\/revisions\/9801"}],"wp:featuredmedia":[{"embeddable":true,"href":"https:\/\/www.regioncuatronoticias.com\/index.php\/wp-json\/wp\/v2\/media\/9800"}],"wp:attachment":[{"href":"https:\/\/www.regioncuatronoticias.com\/index.php\/wp-json\/wp\/v2\/media?parent=9799"}],"wp:term":[{"taxonomy":"category","embeddable":true,"href":"https:\/\/www.regioncuatronoticias.com\/index.php\/wp-json\/wp\/v2\/categories?post=9799"},{"taxonomy":"post_tag","embeddable":true,"href":"https:\/\/www.regioncuatronoticias.com\/index.php\/wp-json\/wp\/v2\/tags?post=9799"}],"curies":[{"name":"wp","href":"https:\/\/api.w.org\/{rel}","templated":true}]}}