{"id":9771,"date":"2024-04-22T08:32:23","date_gmt":"2024-04-22T15:32:23","guid":{"rendered":"https:\/\/www.regioncuatronoticias.com\/?p=9771"},"modified":"2024-04-22T08:32:26","modified_gmt":"2024-04-22T15:32:26","slug":"eliminacion-de-prision-preventiva-no-implicaria-libertad-a-todos-proyecto","status":"publish","type":"post","link":"https:\/\/www.regioncuatronoticias.com\/index.php\/2024\/04\/22\/eliminacion-de-prision-preventiva-no-implicaria-libertad-a-todos-proyecto\/","title":{"rendered":"Eliminaci\u00f3n de prisi\u00f3n preventiva no implicar\u00eda libertad a todos: Proyecto"},"content":{"rendered":"\n<p>CIUDAD DE M\u00c9XICO. Una eventual aprobaci\u00f3n en la Suprema Corte de la eliminaci\u00f3n de la prisi\u00f3n preventiva oficiosa no implicar\u00eda la liberaci\u00f3n autom\u00e1tica de todas las personas que est\u00e1n en la c\u00e1rcel bajo esa figura.<\/p>\n\n\n\n<p>El proyecto del ministro Jorge Pardo Rebolledo fue repartido en la Corte desde el 28 de noviembre de 2023 y originalmente se iba a discutir el 18 de abril, pero ocupa el n\u00famero 36 de la lista del Pleno, por lo que faltan varias semanas para su discusi\u00f3n.<\/p>\n\n\n\n<p>El efecto ser\u00eda que, caso por caso, los jueces que llevan los procesos convoquen a una audiencia para que las partes argumenten y se determine si el acusado debe seguir en prisi\u00f3n preventiva, pero ahora justificada con razones aportadas por la Fiscal\u00eda, o si se le impone otra medida cautelar.<\/p>\n\n\n\n<p>Es previsible que la mayor\u00eda de los acusados por delitos violentos o de delincuencia organizada, seguir\u00edan presos.<\/p>\n\n\n\n<p>LA SCJN SE EXCEDE: SEGOB<\/p>\n\n\n\n<p>La Suprema Corte de Justicia de la Naci\u00f3n (SCJN) se excede en sus facultades al pretender eliminar la prisi\u00f3n preventiva oficiosa, dijo Luisa Mar\u00eda Alcalde Luj\u00e1n, secretaria de Gobernaci\u00f3n.<\/p>\n\n\n\n<p>Creemos que la Suprema Corte no solo se excede en sus facultades, sino que pretende tomar una decisi\u00f3n sin dimensionar lo que esto significa para la paz y seguridad de nuestro Pa\u00eds\u201d, indic\u00f3 el martes, durante la conferencia matutina en Palacio Nacional.<\/p>\n\n\n\n<p>Alcalde Luj\u00e1n destac\u00f3 que se trata de \u201cuna preocupaci\u00f3n que mantenemos en el gabinete de seguridad\u201d, por la decisi\u00f3n que en las pr\u00f3ximas semanas la SCJN podr\u00eda tomar.<\/p>\n\n\n\n<p>\u201c\u00bfQu\u00e9 se va a discutir en las pr\u00f3ximas semanas? La Suprema Corte est\u00e1 proponiendo invalidar el Art\u00edculo 19 constitucional y ordena a todos los jueces del pa\u00eds inaplicar la prisi\u00f3n preventiva de oficio\u201d, detall\u00f3.<\/p>\n\n\n\n<p>La propuesta de la Corte se da a ra\u00edz de una resoluci\u00f3n emitida en enero de 2023 por la Corte Interamericana de Derechos Humanos (CIDH) que resolvi\u00f3 que se deben adecuar las leyes, incluyendo la Constituci\u00f3n, para eliminar la prisi\u00f3n preventiva, explic\u00f3.<\/p>\n\n\n\n<p>\u201cAunque esta resoluci\u00f3n por parte de la corte interamericana en realidad obliga a todo el Estado mexicano en su conjunto, la Corte atrajo la sentencia oficiosamente para interpretarla y ordenar unilateralmente c\u00f3mo M\u00e9xico debe darle cumplimiento, sin que se tome en cuenta otras instituciones; una obvia ser\u00eda el Congreso de la Uni\u00f3n, quien deber\u00eda analizar la posibilidad de estas modificaciones\u201d, explic\u00f3.<\/p>\n","protected":false},"excerpt":{"rendered":"<p>CIUDAD DE M\u00c9XICO. Una eventual aprobaci\u00f3n en la Suprema Corte de la eliminaci\u00f3n de la prisi\u00f3n preventiva oficiosa no implicar\u00eda la liberaci\u00f3n autom\u00e1tica de todas las personas que est\u00e1n en la c\u00e1rcel bajo esa figura. El proyecto del ministro Jorge Pardo Rebolledo fue repartido en la Corte desde el 28 de noviembre de 2023 y [&hellip;]<\/p>\n","protected":false},"author":1,"featured_media":9772,"comment_status":"open","ping_status":"open","sticky":false,"template":"","format":"standard","meta":{"content-type":"","footnotes":""},"categories":[105],"tags":[],"class_list":{"0":"post-9771","1":"post","2":"type-post","3":"status-publish","4":"format-standard","5":"has-post-thumbnail","7":"category-principal"},"_links":{"self":[{"href":"https:\/\/www.regioncuatronoticias.com\/index.php\/wp-json\/wp\/v2\/posts\/9771","targetHints":{"allow":["GET"]}}],"collection":[{"href":"https:\/\/www.regioncuatronoticias.com\/index.php\/wp-json\/wp\/v2\/posts"}],"about":[{"href":"https:\/\/www.regioncuatronoticias.com\/index.php\/wp-json\/wp\/v2\/types\/post"}],"author":[{"embeddable":true,"href":"https:\/\/www.regioncuatronoticias.com\/index.php\/wp-json\/wp\/v2\/users\/1"}],"replies":[{"embeddable":true,"href":"https:\/\/www.regioncuatronoticias.com\/index.php\/wp-json\/wp\/v2\/comments?post=9771"}],"version-history":[{"count":1,"href":"https:\/\/www.regioncuatronoticias.com\/index.php\/wp-json\/wp\/v2\/posts\/9771\/revisions"}],"predecessor-version":[{"id":9773,"href":"https:\/\/www.regioncuatronoticias.com\/index.php\/wp-json\/wp\/v2\/posts\/9771\/revisions\/9773"}],"wp:featuredmedia":[{"embeddable":true,"href":"https:\/\/www.regioncuatronoticias.com\/index.php\/wp-json\/wp\/v2\/media\/9772"}],"wp:attachment":[{"href":"https:\/\/www.regioncuatronoticias.com\/index.php\/wp-json\/wp\/v2\/media?parent=9771"}],"wp:term":[{"taxonomy":"category","embeddable":true,"href":"https:\/\/www.regioncuatronoticias.com\/index.php\/wp-json\/wp\/v2\/categories?post=9771"},{"taxonomy":"post_tag","embeddable":true,"href":"https:\/\/www.regioncuatronoticias.com\/index.php\/wp-json\/wp\/v2\/tags?post=9771"}],"curies":[{"name":"wp","href":"https:\/\/api.w.org\/{rel}","templated":true}]}}