{"id":9768,"date":"2024-04-22T08:30:41","date_gmt":"2024-04-22T15:30:41","guid":{"rendered":"https:\/\/www.regioncuatronoticias.com\/?p=9768"},"modified":"2024-04-22T08:30:42","modified_gmt":"2024-04-22T15:30:42","slug":"amlo-dice-que-puede-ser-montaje-encapuchados-que-detuvieron-a-sheinbaum-en-chiapas","status":"publish","type":"post","link":"https:\/\/www.regioncuatronoticias.com\/index.php\/2024\/04\/22\/amlo-dice-que-puede-ser-montaje-encapuchados-que-detuvieron-a-sheinbaum-en-chiapas\/","title":{"rendered":"AMLO dice que puede ser \u201cmontaje\u201d encapuchados que detuvieron a Sheinbaum en Chiapas"},"content":{"rendered":"\n<p>Ciudad de M\u00e9xico (GH).- Los encapuchados que detuvieron a Claudia Sheinbaum Pardo, candidata del partido Movimiento Regeneraci\u00f3n Nacional (Morena) a la Presidencia de la Rep\u00fablica, ayer en Chiapas, pueden ser un montaje o propaganda, dijo el presidente Andr\u00e9s Manuel L\u00f3pez Obrador.<\/p>\n\n\n\n<p>S\u00ed es muy probable que sea un montaje, \u00bfpor qu\u00e9 encapuchados?, \u00bfpara que se van a encapuchar?. Adem\u00e1s dicen que es pac\u00edfico, pues si es pac\u00edfico, a todos los que andamos por los caminos de M\u00e9xico nos paran la gente y nos entregan sus escritos, incluso se quejan pero sin taparse la cara\u201d, dijo.<\/p>\n\n\n\n<p>Ayer en Motozintla, Chiapas, un grupo de hombres encapuchados detuvo el veh\u00edculo en donde se trasladaba la candidata como parte de su gira y le hizo una serie de peticiones.<\/p>\n\n\n\n<p>L\u00f3pez Obrador destac\u00f3 que sea Latinus el medio que grab\u00f3 y estaba en el lugar cuando Sheinbaum fue interceptada.<\/p>\n\n\n\n<p>Fueron personas encapuchadas las que detuvieron la camioneta, el carro, donde se trasladaba Claudia, grabando; ya cuando pasan esas cosas por la experiencia que nosotros tenemos ya sabemos de que es muy probable que sea propaganda\u201d, indic\u00f3.<\/p>\n\n\n\n<p>El Presidente destac\u00f3 la presencia de Latinus, un medio \u201cde (Carlos) Loret de Mola, que est\u00e1 en contra de nosotros\u201d.<\/p>\n\n\n\n<p>Y uno de los \u00faltimos montajes que hizo Loret de Mola fue entrevistar a un encapuchado, dirigente de un grupo de la delincuencia en Guerrero, lo entrevist\u00f3, quien le facilit\u00f3 la llegada al dirigente de ese grupo, porque lo hizo para hablar mal de m\u00ed en el contexto, en el marco de la campa\u00f1a de presidente narcotraficante\u201d, a\u00f1adi\u00f3.<\/p>\n\n\n\n<p>L\u00f3pez Obrador calific\u00f3 de \u201cextra\u00f1o\u201d el suceso y neg\u00f3 que el equipo de Claudia Sheinbaum estuviera armado.<\/p>\n\n\n\n<p>Me dicen que el Reforma public\u00f3 que estaban armados los de la comitiva de Claudia, me informaron que no estaban armados, es propaganda, lo m\u00e1s probable que sea propaganda\u201d, indic\u00f3.<\/p>\n","protected":false},"excerpt":{"rendered":"<p>Ciudad de M\u00e9xico (GH).- Los encapuchados que detuvieron a Claudia Sheinbaum Pardo, candidata del partido Movimiento Regeneraci\u00f3n Nacional (Morena) a la Presidencia de la Rep\u00fablica, ayer en Chiapas, pueden ser un montaje o propaganda, dijo el presidente Andr\u00e9s Manuel L\u00f3pez Obrador. S\u00ed es muy probable que sea un montaje, \u00bfpor qu\u00e9 encapuchados?, \u00bfpara que se [&hellip;]<\/p>\n","protected":false},"author":1,"featured_media":9769,"comment_status":"open","ping_status":"open","sticky":false,"template":"","format":"standard","meta":{"content-type":"","footnotes":""},"categories":[105],"tags":[],"class_list":{"0":"post-9768","1":"post","2":"type-post","3":"status-publish","4":"format-standard","5":"has-post-thumbnail","7":"category-principal"},"_links":{"self":[{"href":"https:\/\/www.regioncuatronoticias.com\/index.php\/wp-json\/wp\/v2\/posts\/9768","targetHints":{"allow":["GET"]}}],"collection":[{"href":"https:\/\/www.regioncuatronoticias.com\/index.php\/wp-json\/wp\/v2\/posts"}],"about":[{"href":"https:\/\/www.regioncuatronoticias.com\/index.php\/wp-json\/wp\/v2\/types\/post"}],"author":[{"embeddable":true,"href":"https:\/\/www.regioncuatronoticias.com\/index.php\/wp-json\/wp\/v2\/users\/1"}],"replies":[{"embeddable":true,"href":"https:\/\/www.regioncuatronoticias.com\/index.php\/wp-json\/wp\/v2\/comments?post=9768"}],"version-history":[{"count":1,"href":"https:\/\/www.regioncuatronoticias.com\/index.php\/wp-json\/wp\/v2\/posts\/9768\/revisions"}],"predecessor-version":[{"id":9770,"href":"https:\/\/www.regioncuatronoticias.com\/index.php\/wp-json\/wp\/v2\/posts\/9768\/revisions\/9770"}],"wp:featuredmedia":[{"embeddable":true,"href":"https:\/\/www.regioncuatronoticias.com\/index.php\/wp-json\/wp\/v2\/media\/9769"}],"wp:attachment":[{"href":"https:\/\/www.regioncuatronoticias.com\/index.php\/wp-json\/wp\/v2\/media?parent=9768"}],"wp:term":[{"taxonomy":"category","embeddable":true,"href":"https:\/\/www.regioncuatronoticias.com\/index.php\/wp-json\/wp\/v2\/categories?post=9768"},{"taxonomy":"post_tag","embeddable":true,"href":"https:\/\/www.regioncuatronoticias.com\/index.php\/wp-json\/wp\/v2\/tags?post=9768"}],"curies":[{"name":"wp","href":"https:\/\/api.w.org\/{rel}","templated":true}]}}