{"id":9708,"date":"2024-04-21T21:46:30","date_gmt":"2024-04-22T04:46:30","guid":{"rendered":"https:\/\/www.regioncuatronoticias.com\/?p=9708"},"modified":"2024-04-21T21:46:31","modified_gmt":"2024-04-22T04:46:31","slug":"crecer-parejo-es-que-a-todos-los-hermosillenses-lleguen-beneficios-de-gobierno-tono-astiazaran","status":"publish","type":"post","link":"https:\/\/www.regioncuatronoticias.com\/index.php\/2024\/04\/21\/crecer-parejo-es-que-a-todos-los-hermosillenses-lleguen-beneficios-de-gobierno-tono-astiazaran\/","title":{"rendered":"Crecer parejo es que a todos los hermosillenses lleguen beneficios de gobierno: To\u00f1o Astiazar\u00e1n"},"content":{"rendered":"\n<p><strong>-Visita de nuevo el Poblado Miguel Alem\u00e1n y Bah\u00eda de Kino, ahora como candidato a la reelecci\u00f3n<\/strong><\/p>\n\n\n\n<p>Hermosillo, Sonora a 21 de abril, 2024.- Las comunidades necesitan gobiernos que trabajen por encima de los partidos e ideolog\u00edas, expres\u00f3 Antonio \u201cTo\u00f1o\u201d Astiazar\u00e1n en su gira 19 en el Poblado Miguel Alem\u00e1n, ahora como candidato a presidente municipal por un segundo periodo.<\/p>\n\n\n\n<p>En una gira que empez\u00f3 en las primeras horas del domingo, To\u00f1o Astiazar\u00e1n inici\u00f3 su agenda de actividades con habitantes de Hermosillo con quienes expres\u00f3 la decisi\u00f3n de profundizar en los cambios de hace tres a\u00f1os y que con su voto el pr\u00f3ximo 2 de junio har\u00e1n posible que la transformaci\u00f3n contin\u00fae sin pausa y con energ\u00eda.<\/p>\n\n\n\n<p>Habitantes del Poblado Miguel Alem\u00e1n se distinguieron nuevamente por su calidez al recibir a To\u00f1o Astiazar\u00e1n entre muestras de afecto y porras que llaman a que Hermosillo siga creciendo en todas las regiones, urbana y rural, ciudad y costa.<\/p>\n\n\n\n<p>Junto a su esposa Patricia \u201cPatty\u201d Ruibal, To\u00f1o Astiazar\u00e1n platic\u00f3 con comerciantes y clientes del tianguis sobre los logros en el Poblado como la Cl\u00ednica de Salud que atiende a m\u00e1s de 8 mil personas, rehabilitaci\u00f3n de la Plaza, alumbrado, mantenimiento de calles y espacios deportivos.<\/p>\n\n\n\n<p>\u201cSeguiremos trabajando de la mano, hombro con hombro para que los cambios que estamos haciendo en nuestra comunidad contin\u00faen. Para que sigan los cambios y podamos Crecer Juntos, Crecer M\u00e1s pero sobre todo Crecer Parejo\u201d, destac\u00f3 en la calle Nicol\u00e1s Bravo.<\/p>\n\n\n\n<p>Habitantes de Trinidad Leyva recibieron al candidato a Presidente Municipal de la Coalici\u00f3n Fuerza y Coraz\u00f3n por Sonora a un costado del comedor para comprometerse en seguir trabajando con la fuerza y convicci\u00f3n de transformar la comunidad sin que nadie se quede atr\u00e1s.<\/p>\n\n\n\n<p>\u201cSi seguimos avanzando como lo hemos hecho vamos a tener m\u00e1s vialidades pavimentadas, vamos a atender mejor el bacheo, mejorar la infraestructura de agua y drenaje, contar con una comunidad mejor iluminada, con mejores parques que tanto nos hacen falta\u201d, destac\u00f3.<\/p>\n\n\n\n<p>To\u00f1o Astiazar\u00e1n concluy\u00f3 las actividades del domingo con una visita a Bah\u00eda de Kino donde fue reconocido por los avances en la actual administraci\u00f3n.<\/p>\n\n\n\n<p>&#8220;La verdad estoy feliz porque nunca en nuestra colonia se hab\u00eda visto tanto apoyo como el que se ha visto ahora y nadie va a decir que no es cierto porque es real&#8221; dijo&nbsp; Eva Enedina Cant\u00fa sobre el alumbrado p\u00fablico en la colonia Loma Linda.<\/p>\n\n\n\n<p>El candidato de la coalici\u00f3n del Partido Acci\u00f3n Nacional, Partido Revolucionario Institucional y Partido de la Revoluci\u00f3n Democr\u00e1tica fue acompa\u00f1ado por Isela Montes de Oca, candidata a diputada local del distrito XI y Jorge \u201cEl Travieso\u201d Arce, candidato a diputado federal por el distrito 3.<\/p>\n","protected":false},"excerpt":{"rendered":"<p>-Visita de nuevo el Poblado Miguel Alem\u00e1n y Bah\u00eda de Kino, ahora como candidato a la reelecci\u00f3n Hermosillo, Sonora a 21 de abril, 2024.- Las comunidades necesitan gobiernos que trabajen por encima de los partidos e ideolog\u00edas, expres\u00f3 Antonio \u201cTo\u00f1o\u201d Astiazar\u00e1n en su gira 19 en el Poblado Miguel Alem\u00e1n, ahora como candidato a presidente [&hellip;]<\/p>\n","protected":false},"author":1,"featured_media":9709,"comment_status":"open","ping_status":"open","sticky":false,"template":"","format":"standard","meta":{"content-type":"","footnotes":""},"categories":[123,8],"tags":[],"class_list":{"0":"post-9708","1":"post","2":"type-post","3":"status-publish","4":"format-standard","5":"has-post-thumbnail","7":"category-elecciones2024","8":"category-hermosillo"},"_links":{"self":[{"href":"https:\/\/www.regioncuatronoticias.com\/index.php\/wp-json\/wp\/v2\/posts\/9708","targetHints":{"allow":["GET"]}}],"collection":[{"href":"https:\/\/www.regioncuatronoticias.com\/index.php\/wp-json\/wp\/v2\/posts"}],"about":[{"href":"https:\/\/www.regioncuatronoticias.com\/index.php\/wp-json\/wp\/v2\/types\/post"}],"author":[{"embeddable":true,"href":"https:\/\/www.regioncuatronoticias.com\/index.php\/wp-json\/wp\/v2\/users\/1"}],"replies":[{"embeddable":true,"href":"https:\/\/www.regioncuatronoticias.com\/index.php\/wp-json\/wp\/v2\/comments?post=9708"}],"version-history":[{"count":1,"href":"https:\/\/www.regioncuatronoticias.com\/index.php\/wp-json\/wp\/v2\/posts\/9708\/revisions"}],"predecessor-version":[{"id":9710,"href":"https:\/\/www.regioncuatronoticias.com\/index.php\/wp-json\/wp\/v2\/posts\/9708\/revisions\/9710"}],"wp:featuredmedia":[{"embeddable":true,"href":"https:\/\/www.regioncuatronoticias.com\/index.php\/wp-json\/wp\/v2\/media\/9709"}],"wp:attachment":[{"href":"https:\/\/www.regioncuatronoticias.com\/index.php\/wp-json\/wp\/v2\/media?parent=9708"}],"wp:term":[{"taxonomy":"category","embeddable":true,"href":"https:\/\/www.regioncuatronoticias.com\/index.php\/wp-json\/wp\/v2\/categories?post=9708"},{"taxonomy":"post_tag","embeddable":true,"href":"https:\/\/www.regioncuatronoticias.com\/index.php\/wp-json\/wp\/v2\/tags?post=9708"}],"curies":[{"name":"wp","href":"https:\/\/api.w.org\/{rel}","templated":true}]}}