{"id":9658,"date":"2024-04-20T08:44:08","date_gmt":"2024-04-20T15:44:08","guid":{"rendered":"https:\/\/www.regioncuatronoticias.com\/?p=9658"},"modified":"2024-04-21T22:03:53","modified_gmt":"2024-04-22T05:03:53","slug":"va-david-figueroa-por-la-diputacion-local-del-distrito-6-de-hermosillo","status":"publish","type":"post","link":"https:\/\/www.regioncuatronoticias.com\/index.php\/2024\/04\/20\/va-david-figueroa-por-la-diputacion-local-del-distrito-6-de-hermosillo\/","title":{"rendered":"Va David Figueroa por la Diputaci\u00f3n Local del Distrito 6 de Hermosillo"},"content":{"rendered":"\n<p><strong>-Inici\u00f3 su campa\u00f1a en la misma sede del Poder Legislativo de Sonora<\/strong><\/p>\n\n\n\n<p><strong>-Prioriz\u00f3 los valores de la verdad, el esfuerzo y la tenacidad de servir a la sociedad y de manera especial a quien m\u00e1s lo necesita.<\/strong> <strong>\u201cQuiero ser la voz del pueblo en materia legislativa\u201d<\/strong><\/p>\n\n\n\n<p>Hermosillo, Sonora a 20 de abril del 2024.- &#8220;Porque el origen es destino, con energ\u00eda, compromiso, arrancamos campa\u00f1a en el Congreso del Estado de Sonora&#8221;, enfatiz\u00f3 David Figueroa Ortega.<\/p>\n\n\n\n<p>Acompa\u00f1ado de su familia, el equipo y decenas de simpatizantes, el candidato por la coalici\u00f3n Morena, Partido Verde, Partido del Trabajo, Nueva Alianza y Partido Encuentro Social, activ\u00f3 sus pasos para representar como diputado local al Distrito 06 Hermosillo en la pr\u00f3xima legislatura en Sonora.<\/p>\n\n\n\n<p>Al cumplir con puntualidad los tiempos que establece la Ley Electoral, Figueroa Ortega asever\u00f3 que \u201ciniciamos aqu\u00ed porque aqu\u00ed vamos a estar represent\u00e1ndolos con el poder de la confianza depositada en nosotros&#8221;.<\/p>\n\n\n\n<p>Prioriz\u00f3 los valores de la verdad, el esfuerzo y la tenacidad de servir a la sociedad desde el primer minuto de campa\u00f1a.<\/p>\n\n\n\n<p>Puntualiz\u00f3 que &#8220;vamos a trabajar con iniciativas ciudadanas que transformen y mejoren las condiciones de vida de las familias sonorenses y de forma especial a quienes m\u00e1s necesitan, al lograr la victoria el 2 de junio&#8221;.<\/p>\n\n\n\n<p>En su primer mensaje presencial y virtual de inicio de campa\u00f1a desde las escalinatas del Poder Legislativo, David Figueroa Ortega destac\u00f3 que &#8220;sin duda alguna, la transformaci\u00f3n de la calidad de vida de las familias del Distrito 06 Hermosillo llegar\u00e1 con la participaci\u00f3n ciudadana en la integraci\u00f3n de iniciativas de ley derivadas de la realidad que afecta por igual a toda la sociedad&#8221;.<\/p>\n\n\n\n<p>Estableci\u00f3 que &#8220;hoy nos activamos para trabajar iniciativas que se transformen en pol\u00edticas p\u00fablicas destinadas al impulso, generaci\u00f3n y apoyo de proyectos productivos incluyentes que generen bienestar, desarrollo y paz social en Sonora&#8221;.<\/p>\n\n\n\n<p><strong>Por ello propone trabajar en 5 Ejes Fundamentales:<\/strong><\/p>\n\n\n\n<p><strong>-Impulso a j\u00f3venes estudiantes universitarios emprendedores.<\/strong><\/p>\n\n\n\n<p><strong>-Asistencia integral para adultos mayores.<\/strong><\/p>\n\n\n\n<p><strong>-Atenci\u00f3n a personas con discapacidad.<\/strong><\/p>\n\n\n\n<p><strong>-Fomento al Plan Sonora de Energ\u00edas Renovables bajo una agenda verde.<\/strong><\/p>\n\n\n\n<p><strong>-Apoyo a los sonorenses migrantes que viven en Estados Unidos y que env\u00edan 923 millones de d\u00f3lares al a\u00f1o a Sonora.<\/strong><\/p>\n\n\n\n<p>A trav\u00e9s de una conexi\u00f3n y transmisi\u00f3n en vivo en redes sociales con integrantes de su equipo, quienes se activaron por el Distrito 06 simult\u00e1neamente desde las colonias Olivares, El Sahuaro, Pimentel, Dunas y Lomas de Madrid, David Figueroa resalt\u00f3 la importancia de continuar con a transformaci\u00f3n para alcanzar mejores condiciones de vida para los hermosillenses, sonorenses y mexicanos.<\/p>\n\n\n\n<p>Expres\u00f3 que visitar\u00e1 las 124 colonias del Distrito 06 Hermosillo que cuenta con un Padr\u00f3n Electoral de 133 mil votantes, en el &#8220;Coraz\u00f3n de Hermosillo&#8221;.<\/p>\n\n\n\n<p>Indic\u00f3 que con honestidad, capacidad y compromiso, desde el primer minuto de este 20 de abril inicia sus pasos hacia un nuevo modo de legislar por medio de la participaci\u00f3n ciudadana en el Distrito 06, &#8220;unidos lograremos la transformaci\u00f3n legislativa en materia de Educaci\u00f3n, Salud, Seguridad, Derechos Humanos, justicia, legalidad, democracia, estado de Derecho y paz social.<\/p>\n\n\n\n<p>Ofreci\u00f3 trabajar de la mano con las y los candidatos a diputados locales de los Distritos 08, 09, 10. 11 y 12 en Hermosillo, as\u00ed como con el resto de las y los candidatos de la coalici\u00f3n &#8220;Juntos hacemos historia&#8221; en los 21 Distritos en Sonora.<\/p>\n\n\n\n<p>Manifest\u00f3 que busca ser la voz del pueblo en materia legislativa para seguir beneficiando a los adultos mayores, a los j\u00f3venes universitarios con becas, que Sonora se convierta a nivel nacional en el Estado por excelencia que tenga una pol\u00edtica p\u00fablica establecida que sea ben\u00e9fica al medio ambiente y ayudar a los sonorenses que viven en el exterior para poder incorporarlos en el sector productivo. \u201cQuiero ser la voz del pueblo en materia legislativa\u201d, afirm\u00f3.<\/p>\n\n\n\n<p>Mencion\u00f3 la importancia de la contribuci\u00f3n del &#8220;mejor presidente de M\u00e9xico, Andr\u00e9s Manuel L\u00f3pez Obrador&#8221;.<\/p>\n\n\n\n<p>Adem\u00e1s, contribuir con el proceso de transformaci\u00f3n que busca llegar al Segundo Piso con la Dra. Claudia Sheinbaum Pardo como quien ser\u00e1 la primera presidenta de M\u00e9xico en la historia.<\/p>\n\n\n\n<p>Agradeci\u00f3 a los partidos de la coalici\u00f3n por el apoyo y compa\u00f1\u00eda.<\/p>\n\n\n\n<p>&#8220;\u00a1Vamos a ganar el 2 de junio y Hermosillo, Sonora se pintar\u00e1 de guinda&#8221;.<\/p>\n\n\n\n<p><\/p>\n","protected":false},"excerpt":{"rendered":"<p>-Inici\u00f3 su campa\u00f1a en la misma sede del Poder Legislativo de Sonora -Prioriz\u00f3 los valores de la verdad, el esfuerzo y la tenacidad de servir a la sociedad y de manera especial a quien m\u00e1s lo necesita. \u201cQuiero ser la voz del pueblo en materia legislativa\u201d Hermosillo, Sonora a 20 de abril del 2024.- &#8220;Porque [&hellip;]<\/p>\n","protected":false},"author":1,"featured_media":9659,"comment_status":"open","ping_status":"open","sticky":false,"template":"","format":"standard","meta":{"content-type":"","footnotes":""},"categories":[123],"tags":[],"class_list":{"0":"post-9658","1":"post","2":"type-post","3":"status-publish","4":"format-standard","5":"has-post-thumbnail","7":"category-elecciones2024"},"_links":{"self":[{"href":"https:\/\/www.regioncuatronoticias.com\/index.php\/wp-json\/wp\/v2\/posts\/9658","targetHints":{"allow":["GET"]}}],"collection":[{"href":"https:\/\/www.regioncuatronoticias.com\/index.php\/wp-json\/wp\/v2\/posts"}],"about":[{"href":"https:\/\/www.regioncuatronoticias.com\/index.php\/wp-json\/wp\/v2\/types\/post"}],"author":[{"embeddable":true,"href":"https:\/\/www.regioncuatronoticias.com\/index.php\/wp-json\/wp\/v2\/users\/1"}],"replies":[{"embeddable":true,"href":"https:\/\/www.regioncuatronoticias.com\/index.php\/wp-json\/wp\/v2\/comments?post=9658"}],"version-history":[{"count":2,"href":"https:\/\/www.regioncuatronoticias.com\/index.php\/wp-json\/wp\/v2\/posts\/9658\/revisions"}],"predecessor-version":[{"id":9712,"href":"https:\/\/www.regioncuatronoticias.com\/index.php\/wp-json\/wp\/v2\/posts\/9658\/revisions\/9712"}],"wp:featuredmedia":[{"embeddable":true,"href":"https:\/\/www.regioncuatronoticias.com\/index.php\/wp-json\/wp\/v2\/media\/9659"}],"wp:attachment":[{"href":"https:\/\/www.regioncuatronoticias.com\/index.php\/wp-json\/wp\/v2\/media?parent=9658"}],"wp:term":[{"taxonomy":"category","embeddable":true,"href":"https:\/\/www.regioncuatronoticias.com\/index.php\/wp-json\/wp\/v2\/categories?post=9658"},{"taxonomy":"post_tag","embeddable":true,"href":"https:\/\/www.regioncuatronoticias.com\/index.php\/wp-json\/wp\/v2\/tags?post=9658"}],"curies":[{"name":"wp","href":"https:\/\/api.w.org\/{rel}","templated":true}]}}