{"id":9590,"date":"2024-04-19T14:07:07","date_gmt":"2024-04-19T21:07:07","guid":{"rendered":"https:\/\/www.regioncuatronoticias.com\/?p=9590"},"modified":"2024-04-19T14:07:09","modified_gmt":"2024-04-19T21:07:09","slug":"promociona-instituto-estatal-electoral-importancia-del-voto-en-avenida-rosales-y-bulevar-colosio-en-hermosillo","status":"publish","type":"post","link":"https:\/\/www.regioncuatronoticias.com\/index.php\/2024\/04\/19\/promociona-instituto-estatal-electoral-importancia-del-voto-en-avenida-rosales-y-bulevar-colosio-en-hermosillo\/","title":{"rendered":"Promociona Instituto Estatal Electoral importancia del voto en Avenida Rosales y Bulevar Colosio, en Hermosillo"},"content":{"rendered":"\n<p>Este jueves, el Instituto Estatal Electoral y de Participaci\u00f3n Ciudadana (IEEyPC) promocion\u00f3 la importancia de votar en la elecci\u00f3n del 2 de junio.<\/p>\n\n\n\n<p>Por fuera de las instalaciones del \u00f3rgano electoral, Nery Ruiz Arvizu, presidente del instituto, explic\u00f3 que la actividad pretende elevar el nivel de participaci\u00f3n ciudadana.<\/p>\n\n\n\n<p>\u00abComo parte de los programas de promoci\u00f3n del voto es invitar a votar y decirle a la gente que votar s\u00ed importa, queremos elevar el nivel de participaci\u00f3n de la ciudadan\u00eda este 2 de junio en las elecciones, entonces, hacemos un llamado a toda la ciudadan\u00eda para que acuda a votar, son ellos quienes van a decidir, es decir, la ciudadan\u00eda, entonces es muy importante que todos corran la voz de que ya estamos listos para este 2 de junio\u00bb, detall\u00f3 el presidente del IEEyPC.<\/p>\n\n\n\n<p>Nery Ruiz Arvizu precis\u00f3 que en la actividad de este jueves, se entregaron morrales, bolsas y plumas a automovilistas que circularon por Avenida Rosales y Bulevar Colosio, en Hermosillo.<\/p>\n\n\n\n<p>El presidente del \u00f3rgano electoral agreg\u00f3 que esta actividad tambi\u00e9n se realizar\u00e1 en distintos municipios de Sonora.<\/p>\n","protected":false},"excerpt":{"rendered":"<p>Este jueves, el Instituto Estatal Electoral y de Participaci\u00f3n Ciudadana (IEEyPC) promocion\u00f3 la importancia de votar en la elecci\u00f3n del 2 de junio. Por fuera de las instalaciones del \u00f3rgano electoral, Nery Ruiz Arvizu, presidente del instituto, explic\u00f3 que la actividad pretende elevar el nivel de participaci\u00f3n ciudadana. \u00abComo parte de los programas de promoci\u00f3n [&hellip;]<\/p>\n","protected":false},"author":1,"featured_media":9591,"comment_status":"open","ping_status":"open","sticky":false,"template":"","format":"standard","meta":{"content-type":"","footnotes":""},"categories":[8],"tags":[],"class_list":{"0":"post-9590","1":"post","2":"type-post","3":"status-publish","4":"format-standard","5":"has-post-thumbnail","7":"category-hermosillo"},"_links":{"self":[{"href":"https:\/\/www.regioncuatronoticias.com\/index.php\/wp-json\/wp\/v2\/posts\/9590","targetHints":{"allow":["GET"]}}],"collection":[{"href":"https:\/\/www.regioncuatronoticias.com\/index.php\/wp-json\/wp\/v2\/posts"}],"about":[{"href":"https:\/\/www.regioncuatronoticias.com\/index.php\/wp-json\/wp\/v2\/types\/post"}],"author":[{"embeddable":true,"href":"https:\/\/www.regioncuatronoticias.com\/index.php\/wp-json\/wp\/v2\/users\/1"}],"replies":[{"embeddable":true,"href":"https:\/\/www.regioncuatronoticias.com\/index.php\/wp-json\/wp\/v2\/comments?post=9590"}],"version-history":[{"count":1,"href":"https:\/\/www.regioncuatronoticias.com\/index.php\/wp-json\/wp\/v2\/posts\/9590\/revisions"}],"predecessor-version":[{"id":9592,"href":"https:\/\/www.regioncuatronoticias.com\/index.php\/wp-json\/wp\/v2\/posts\/9590\/revisions\/9592"}],"wp:featuredmedia":[{"embeddable":true,"href":"https:\/\/www.regioncuatronoticias.com\/index.php\/wp-json\/wp\/v2\/media\/9591"}],"wp:attachment":[{"href":"https:\/\/www.regioncuatronoticias.com\/index.php\/wp-json\/wp\/v2\/media?parent=9590"}],"wp:term":[{"taxonomy":"category","embeddable":true,"href":"https:\/\/www.regioncuatronoticias.com\/index.php\/wp-json\/wp\/v2\/categories?post=9590"},{"taxonomy":"post_tag","embeddable":true,"href":"https:\/\/www.regioncuatronoticias.com\/index.php\/wp-json\/wp\/v2\/tags?post=9590"}],"curies":[{"name":"wp","href":"https:\/\/api.w.org\/{rel}","templated":true}]}}