{"id":9587,"date":"2024-04-19T14:14:55","date_gmt":"2024-04-19T21:14:55","guid":{"rendered":"https:\/\/www.regioncuatronoticias.com\/?p=9587"},"modified":"2024-04-20T00:04:53","modified_gmt":"2024-04-20T07:04:53","slug":"sheinbaum-considerara-reducir-presencia-de-fuerzas-armadas-en-tareas-civiles","status":"publish","type":"post","link":"https:\/\/www.regioncuatronoticias.com\/index.php\/2024\/04\/19\/sheinbaum-considerara-reducir-presencia-de-fuerzas-armadas-en-tareas-civiles\/","title":{"rendered":"Sheinbaum considerar\u00e1 reducir presencia de fuerzas armadas en tareas civiles"},"content":{"rendered":"\n<p>ACAPULCO.- En su visita al puerto de Acapulco, Claudia Sheinbaum anunci\u00f3 este viernes que evaluar\u00e1 la posibilidad de retirar a militares de la operaci\u00f3n de algunas empresas productivas del Gobierno de M\u00e9xico.<\/p>\n\n\n\n<p>Entre las empresas mencionadas por la candidata presidencial de la coalici\u00f3n Sigamos Haciendo Historia est\u00e1n el Tren Maya, la aerol\u00ednea Mexicana de Aviaci\u00f3n y algunos aeropuertos, como el Aeropuerto Internacional de la Ciudad de M\u00e9xico (AICM).<\/p>\n\n\n\n<p>Por lo pronto, as\u00ed hay que mantenerlo de esa manera (bajo una directriz militar), valorarlo como est\u00e1 funcionando y en todo caso cambiar la situaci\u00f3n\u201d, afirm\u00f3.<\/p>\n\n\n\n<p>Te puede interesar: Claudia Sheinbaum habla sobre su relaci\u00f3n con AMLO y posibles \u2018ma\u00f1aneras\u2019<\/p>\n\n\n\n<p>Sheinbaum hizo estas declaraciones durante su participaci\u00f3n en la 87 Convenci\u00f3n Bancaria, celebrada en el balneario tur\u00edstico de Acapulco.<\/p>\n\n\n\n<p>Pese a que la Constituci\u00f3n limita la participaci\u00f3n de las Fuerzas Armadas en tareas civiles, el presidente Andr\u00e9s Manuel L\u00f3pez Obrador ha delegado diversas responsabilidades a los militares, como la construcci\u00f3n y el mando en sectores.<\/p>\n\n\n\n<p>Esto ha generado m\u00faltiples cr\u00edticas de tanto funcionarios p\u00fablicos como de una gran parte de la poblaci\u00f3n, acusando al Gobierno actual de intentar militarizar el pa\u00eds con la creciente presencia militar en las calles.<\/p>\n\n\n\n<p><\/p>\n","protected":false},"excerpt":{"rendered":"<p>ACAPULCO.- En su visita al puerto de Acapulco, Claudia Sheinbaum anunci\u00f3 este viernes que evaluar\u00e1 la posibilidad de retirar a militares de la operaci\u00f3n de algunas empresas productivas del Gobierno de M\u00e9xico. Entre las empresas mencionadas por la candidata presidencial de la coalici\u00f3n Sigamos Haciendo Historia est\u00e1n el Tren Maya, la aerol\u00ednea Mexicana de Aviaci\u00f3n [&hellip;]<\/p>\n","protected":false},"author":1,"featured_media":9602,"comment_status":"open","ping_status":"open","sticky":false,"template":"","format":"standard","meta":{"content-type":"","footnotes":""},"categories":[123],"tags":[],"class_list":{"0":"post-9587","1":"post","2":"type-post","3":"status-publish","4":"format-standard","5":"has-post-thumbnail","7":"category-elecciones2024"},"_links":{"self":[{"href":"https:\/\/www.regioncuatronoticias.com\/index.php\/wp-json\/wp\/v2\/posts\/9587","targetHints":{"allow":["GET"]}}],"collection":[{"href":"https:\/\/www.regioncuatronoticias.com\/index.php\/wp-json\/wp\/v2\/posts"}],"about":[{"href":"https:\/\/www.regioncuatronoticias.com\/index.php\/wp-json\/wp\/v2\/types\/post"}],"author":[{"embeddable":true,"href":"https:\/\/www.regioncuatronoticias.com\/index.php\/wp-json\/wp\/v2\/users\/1"}],"replies":[{"embeddable":true,"href":"https:\/\/www.regioncuatronoticias.com\/index.php\/wp-json\/wp\/v2\/comments?post=9587"}],"version-history":[{"count":3,"href":"https:\/\/www.regioncuatronoticias.com\/index.php\/wp-json\/wp\/v2\/posts\/9587\/revisions"}],"predecessor-version":[{"id":9634,"href":"https:\/\/www.regioncuatronoticias.com\/index.php\/wp-json\/wp\/v2\/posts\/9587\/revisions\/9634"}],"wp:featuredmedia":[{"embeddable":true,"href":"https:\/\/www.regioncuatronoticias.com\/index.php\/wp-json\/wp\/v2\/media\/9602"}],"wp:attachment":[{"href":"https:\/\/www.regioncuatronoticias.com\/index.php\/wp-json\/wp\/v2\/media?parent=9587"}],"wp:term":[{"taxonomy":"category","embeddable":true,"href":"https:\/\/www.regioncuatronoticias.com\/index.php\/wp-json\/wp\/v2\/categories?post=9587"},{"taxonomy":"post_tag","embeddable":true,"href":"https:\/\/www.regioncuatronoticias.com\/index.php\/wp-json\/wp\/v2\/tags?post=9587"}],"curies":[{"name":"wp","href":"https:\/\/api.w.org\/{rel}","templated":true}]}}