{"id":9538,"date":"2024-04-19T13:32:54","date_gmt":"2024-04-19T20:32:54","guid":{"rendered":"https:\/\/www.regioncuatronoticias.com\/?p=9538"},"modified":"2024-04-19T13:32:58","modified_gmt":"2024-04-19T20:32:58","slug":"pide-el-candidato-de-eh-bildu-perdon-a-las-victimas-de-eta","status":"publish","type":"post","link":"https:\/\/www.regioncuatronoticias.com\/index.php\/2024\/04\/19\/pide-el-candidato-de-eh-bildu-perdon-a-las-victimas-de-eta\/","title":{"rendered":"Pide el candidato de EH-Bildu perd\u00f3n a las v\u00edctimas de ETA"},"content":{"rendered":"\n<p><em>Madrid.<\/em>&nbsp;La campa\u00f1a electoral en el Pa\u00eds Vasco finaliz\u00f3 con una dura pugna por el voto independentista, con la coalici\u00f3n de la izquierda soberanista EH-Bildu ligeramente por delante, seg\u00fan las encuestas, del hasta ahora hegem\u00f3nico Partido Nacionalista Vasco (PNV). La llave del gobierno la tendr\u00eda en todo caso una tercera fuerza, que todo indica que ser\u00e1 el Partido Socialista de Euskadi (PSE), que ya anunci\u00f3 que apoyar\u00eda al nacionalismo de derechas del PNV frente al proyecto progresista que representa la izquierda abertzale.<\/p>\n\n\n\n<p>Hasta hace una semana, en la campa\u00f1a proselitista en Euskadi se hablaba del deteriorado sistema de salud p\u00fablico, de la urgencia de fortalecer la red de escuelas p\u00fablicas, de la necesidad de construir nuevas infraestructuras para tener mejores conexiones o los proyectos industriales en puerta para que la regi\u00f3n siga siendo vanguardia y uno de los puntales de Europa.<\/p>\n\n\n\n<p>Poco, o nada, se ha hablado sobre uno de los pilares de los dos partidos que ser\u00e1n los m\u00e1s votados, EH-Bildu y PNV, que entre los dos podr\u00edan llegar a representar hasta un 75 por ciento del electorado: que es las ans\u00eda de independencia y de crear un Estado propio. Si bien, esa vocaci\u00f3n separatista est\u00e1 presente y de ah\u00ed que la pugna entre ambos partidos se haya convertido en la principal batalla, sobre todo a ra\u00edz que se situ\u00f3 en el centro del debate los actos violentos del pasado de la organizaci\u00f3n armada ETA y de la supuesta vinculaci\u00f3n pol\u00edtica de una parte de EH-Bildu.<\/p>\n\n\n\n<p>De ah\u00ed que tuviera que salir al paso el candidato de EH-Bildu, Pello Otxandiano, para pedir \u201cperd\u00f3n\u201d a las v\u00edctimas de ETA. En una entrevista televisiva, Otxandiano explic\u00f3 que su formaci\u00f3n va \u201chacia la reconciliaci\u00f3n y en la construcci\u00f3n de una memoria plural y en el respeto, en la reparaci\u00f3n, en el reconocimiento, en la reparaci\u00f3n de todas las v\u00edctimas sin excepci\u00f3n\u201d. Y pidi\u00f3 al resto de partidos \u201csacar este tema del contexto electoral\u201d. Otxandiano se\u00f1al\u00f3 que \u201csi soy lehendakari asumo en primera persona la labor de llevar este proceso hasta el final\u201d. El candidato de EH Bildu expres\u00f3 adem\u00e1s su \u201crespeto absoluto y cercan\u00eda al dolor de todas las v\u00edctimas y en especial a las v\u00edctimas de ETA. Nosotros tenemos una postura muy contundente y muy asertiva en el camino hacia la reconciliaci\u00f3n y en la construcci\u00f3n de una memoria plural y en el respeto, en la reparaci\u00f3n, en el reconocimiento, en la reparaci\u00f3n de todas las v\u00edctimas sin excepci\u00f3n\u201d.<\/p>\n\n\n\n<p>El candidato del PNV, Imanol Pradales, ha recuperado terreno frente a su principal adversario y al cierre de la campa\u00f1a se mostr\u00f3 convencido de que conseguir\u00e1 mantener el gobierno para su partido, siempre y cuando el PSE cumpla su palabra y apoye su investidura, para lo que necesitar\u00e1n al menos 38 de los 75 esca\u00f1os que integran el Parlamento vasco. <\/p>\n","protected":false},"excerpt":{"rendered":"<p>Madrid.&nbsp;La campa\u00f1a electoral en el Pa\u00eds Vasco finaliz\u00f3 con una dura pugna por el voto independentista, con la coalici\u00f3n de la izquierda soberanista EH-Bildu ligeramente por delante, seg\u00fan las encuestas, del hasta ahora hegem\u00f3nico Partido Nacionalista Vasco (PNV). La llave del gobierno la tendr\u00eda en todo caso una tercera fuerza, que todo indica que ser\u00e1 [&hellip;]<\/p>\n","protected":false},"author":1,"featured_media":9539,"comment_status":"open","ping_status":"open","sticky":false,"template":"","format":"standard","meta":{"content-type":"","footnotes":""},"categories":[7],"tags":[],"class_list":{"0":"post-9538","1":"post","2":"type-post","3":"status-publish","4":"format-standard","5":"has-post-thumbnail","7":"category-internacional"},"_links":{"self":[{"href":"https:\/\/www.regioncuatronoticias.com\/index.php\/wp-json\/wp\/v2\/posts\/9538","targetHints":{"allow":["GET"]}}],"collection":[{"href":"https:\/\/www.regioncuatronoticias.com\/index.php\/wp-json\/wp\/v2\/posts"}],"about":[{"href":"https:\/\/www.regioncuatronoticias.com\/index.php\/wp-json\/wp\/v2\/types\/post"}],"author":[{"embeddable":true,"href":"https:\/\/www.regioncuatronoticias.com\/index.php\/wp-json\/wp\/v2\/users\/1"}],"replies":[{"embeddable":true,"href":"https:\/\/www.regioncuatronoticias.com\/index.php\/wp-json\/wp\/v2\/comments?post=9538"}],"version-history":[{"count":1,"href":"https:\/\/www.regioncuatronoticias.com\/index.php\/wp-json\/wp\/v2\/posts\/9538\/revisions"}],"predecessor-version":[{"id":9540,"href":"https:\/\/www.regioncuatronoticias.com\/index.php\/wp-json\/wp\/v2\/posts\/9538\/revisions\/9540"}],"wp:featuredmedia":[{"embeddable":true,"href":"https:\/\/www.regioncuatronoticias.com\/index.php\/wp-json\/wp\/v2\/media\/9539"}],"wp:attachment":[{"href":"https:\/\/www.regioncuatronoticias.com\/index.php\/wp-json\/wp\/v2\/media?parent=9538"}],"wp:term":[{"taxonomy":"category","embeddable":true,"href":"https:\/\/www.regioncuatronoticias.com\/index.php\/wp-json\/wp\/v2\/categories?post=9538"},{"taxonomy":"post_tag","embeddable":true,"href":"https:\/\/www.regioncuatronoticias.com\/index.php\/wp-json\/wp\/v2\/tags?post=9538"}],"curies":[{"name":"wp","href":"https:\/\/api.w.org\/{rel}","templated":true}]}}