{"id":9527,"date":"2024-04-19T13:25:12","date_gmt":"2024-04-19T20:25:12","guid":{"rendered":"https:\/\/www.regioncuatronoticias.com\/?p=9527"},"modified":"2024-04-19T13:25:16","modified_gmt":"2024-04-19T20:25:16","slug":"pan-y-pri-condenan-asesinato-del-candidato-blanquiazul-noe-ramos","status":"publish","type":"post","link":"https:\/\/www.regioncuatronoticias.com\/index.php\/2024\/04\/19\/pan-y-pri-condenan-asesinato-del-candidato-blanquiazul-noe-ramos\/","title":{"rendered":"PAN y PRI condenan asesinato del candidato blanquiazul No\u00e9 Ramos"},"content":{"rendered":"\n<p>Ciudad de M\u00e9xico. Las dirigencias nacionales de PRI y PAN condenaron el asesinato del panista No\u00e9 Ramos, quien buscaba la relecci\u00f3n como alcalde en El Mante, Tamaulipas.<\/p>\n\n\n\n<p>\u201cEn el pa\u00eds que no pasa nada y en el que se abraza a criminales, la violencia est\u00e1 imparable y el INE sigue sin tener un mapa de riesgos para este proceso electoral\u201d, asegur\u00f3 el l\u00edder del blanquiazul, Marko Cort\u00e9s.<\/p>\n\n\n\n<p>\u00a1Ya basta!, sostuvo en redes sociales. \u201cMi m\u00e1s en\u00e9rgica condena y exigencia de una inmediata y exhaustiva investigaci\u00f3n para llevar ante la justicia a quien resulte responsable\u201d, se\u00f1al\u00f3.<\/p>\n\n\n\n<p>A su vez, el presidente del PRI, Alejandro Moreno, reiter\u00f3 un llamado a las autoridades \u201ca garantizar la protecci\u00f3n a candidatas y candidatos en esta jornada electoral. \u00a1No permitiremos que la violencia decida la elecci\u00f3n,\u201d, indic\u00f3 tambi\u00e9n en redes sociales.<\/p>\n","protected":false},"excerpt":{"rendered":"<p>Ciudad de M\u00e9xico. Las dirigencias nacionales de PRI y PAN condenaron el asesinato del panista No\u00e9 Ramos, quien buscaba la relecci\u00f3n como alcalde en El Mante, Tamaulipas. \u201cEn el pa\u00eds que no pasa nada y en el que se abraza a criminales, la violencia est\u00e1 imparable y el INE sigue sin tener un mapa de [&hellip;]<\/p>\n","protected":false},"author":1,"featured_media":9528,"comment_status":"open","ping_status":"open","sticky":false,"template":"","format":"standard","meta":{"content-type":"","footnotes":""},"categories":[113],"tags":[],"class_list":{"0":"post-9527","1":"post","2":"type-post","3":"status-publish","4":"format-standard","5":"has-post-thumbnail","7":"category-seguridad"},"_links":{"self":[{"href":"https:\/\/www.regioncuatronoticias.com\/index.php\/wp-json\/wp\/v2\/posts\/9527","targetHints":{"allow":["GET"]}}],"collection":[{"href":"https:\/\/www.regioncuatronoticias.com\/index.php\/wp-json\/wp\/v2\/posts"}],"about":[{"href":"https:\/\/www.regioncuatronoticias.com\/index.php\/wp-json\/wp\/v2\/types\/post"}],"author":[{"embeddable":true,"href":"https:\/\/www.regioncuatronoticias.com\/index.php\/wp-json\/wp\/v2\/users\/1"}],"replies":[{"embeddable":true,"href":"https:\/\/www.regioncuatronoticias.com\/index.php\/wp-json\/wp\/v2\/comments?post=9527"}],"version-history":[{"count":1,"href":"https:\/\/www.regioncuatronoticias.com\/index.php\/wp-json\/wp\/v2\/posts\/9527\/revisions"}],"predecessor-version":[{"id":9529,"href":"https:\/\/www.regioncuatronoticias.com\/index.php\/wp-json\/wp\/v2\/posts\/9527\/revisions\/9529"}],"wp:featuredmedia":[{"embeddable":true,"href":"https:\/\/www.regioncuatronoticias.com\/index.php\/wp-json\/wp\/v2\/media\/9528"}],"wp:attachment":[{"href":"https:\/\/www.regioncuatronoticias.com\/index.php\/wp-json\/wp\/v2\/media?parent=9527"}],"wp:term":[{"taxonomy":"category","embeddable":true,"href":"https:\/\/www.regioncuatronoticias.com\/index.php\/wp-json\/wp\/v2\/categories?post=9527"},{"taxonomy":"post_tag","embeddable":true,"href":"https:\/\/www.regioncuatronoticias.com\/index.php\/wp-json\/wp\/v2\/tags?post=9527"}],"curies":[{"name":"wp","href":"https:\/\/api.w.org\/{rel}","templated":true}]}}