{"id":9515,"date":"2024-04-19T13:16:08","date_gmt":"2024-04-19T20:16:08","guid":{"rendered":"https:\/\/www.regioncuatronoticias.com\/?p=9515"},"modified":"2024-04-19T13:16:14","modified_gmt":"2024-04-19T20:16:14","slug":"explosiones-en-iran-posible-represalia-del-gobierno-israeli-eu","status":"publish","type":"post","link":"https:\/\/www.regioncuatronoticias.com\/index.php\/2024\/04\/19\/explosiones-en-iran-posible-represalia-del-gobierno-israeli-eu\/","title":{"rendered":"Explosiones en Ir\u00e1n, posible represalia del gobierno israel\u00ed: EU"},"content":{"rendered":"\n<p><em>Teher<\/em><em>\u00e1<\/em><em>n.<\/em>&nbsp;Varias explosiones sacudieron este viernes el centro de Ir\u00e1n, en lo que responsables norteamericanos presentaron como un ataque israel\u00ed en represalia por los drones y misiles disparados por Teher\u00e1n contra Israel el s\u00e1bado pasado.<\/p>\n\n\n\n<p>La agencia de noticias iran\u00ed Fars inform\u00f3 de \u201ctres explosiones\u201d cerca de la base militar de Shekari, del aeropuerto de Isfah\u00e1n y de la ciudad de Qahjavarestan, en el centro del pa\u00eds.<\/p>\n\n\n\n<p>La defensa a\u00e9rea abati\u00f3 varios drones, pero no detect\u00f3 \u201cpor ahora\u201d un ataque con misiles, afirm\u00f3 un portavoz de la agencia espacial de Ir\u00e1n.<\/p>\n\n\n\n<p>El presidente iran\u00ed, Ebrahim Raisi, pronunci\u00f3 el viernes un discurso en el noreste del pa\u00eds, sin mencionar las explosiones ocurridas horas antes.<\/p>\n\n\n\n<p>La agencia de prensa Tasnim, citando a \u201cfuentes informadas\u201d, neg\u00f3 por su parte que el pa\u00eds hubiera sufrido un ataque \u201cdesde el extranjero\u201d<\/p>\n\n\n\n<p>El suceso ocurre en medio de una escalada de tensiones entre Ir\u00e1n e Israel, que prometi\u00f3 responder a un reciente ataque de Teher\u00e1n contra su territorio, y con el tel\u00f3n de fondo de la guerra en Gaza.<\/p>\n\n\n\n<p>Medios estadunidenses como CNN aseguraron, citando a altos funcionarios de su pa\u00eds, que Israel hab\u00eda lanzado un ataque contra el territorio iran\u00ed y que hab\u00eda avisado de antemano a Washington. Las explosiones, aseguraron estas fuentes, responden a la agresi\u00f3n iran\u00ed contra territorio israel\u00ed el s\u00e1bado pasado.<\/p>\n\n\n\n<p>Tras los reportes, el ministro italiano de Exteriores, Antonio Tajani, que presidi\u00f3 una reuni\u00f3n de sus hom\u00f3logos del G7 en la isla de Capri, pidi\u00f3 una \u201cdesescalada\u201d.<\/p>\n\n\n\n<p>\u201cEl G7 quiere una desescalada total en una regi\u00f3n bajo gran tensi\u00f3n&#8221;, declar\u00f3 a sus hom\u00f3logos de Estados Unidos, Canad\u00e1, Reino Unido, Francia, Alemania y Jap\u00f3n.<\/p>\n\n\n\n<p>Tambi\u00e9n presente en Capri, el secretario de Estado norteamericano, Antony Blinken, se neg\u00f3 a comentar las explosiones en Ir\u00e1n, y se limit\u00f3 a decir que Estados Unidos &#8220;no particip\u00f3 en ninguna operaci\u00f3n ofensiva\u201d.<\/p>\n\n\n\n<p>El canciller ruso, Sergu\u00e9i Lavrov, afirm\u00f3 a su vez que Mosc\u00fa indic\u00f3 a Israel que Ir\u00e1n \u201cno quiere una escalada\u201d.<\/p>\n\n\n\n<p>Om\u00e1n, que durante mucho tiempo desempe\u00f1\u00f3 un papel de mediador entre Ir\u00e1n y las potencias occidentales, conden\u00f3 por su parte el \u201cataque israel\u00ed\u201d contra la Rep\u00fablica Isl\u00e1mica, y \u201clas repetidas agresiones militares de Israel en la regi\u00f3n\u201d, seg\u00fan un portavoz del Ministerio de Relaciones Exteriores.<\/p>\n\n\n\n<p>\u201c<strong>Ning\u00fan da\u00f1o\u201d a instalaciones nucleares<\/strong><\/p>\n\n\n\n<p>El Organismo Internacional de Energ\u00eda At\u00f3mica (OIEA) inform\u00f3 que las instalaciones nucleares iran\u00edes no sufrieron \u201cning\u00fan da\u00f1o\u201d en el ataque y advirti\u00f3 en la red X que \u201cninguna instalaci\u00f3n nuclear debe ser nunca objetivo de conflictos militares\u201d.<\/p>\n\n\n\n<p>Las instalaciones nucleares iran\u00edes est\u00e1n situadas en el centro del pa\u00eds, en Isfah\u00e1n, Natanz y Fordo, as\u00ed como en la ciudad portuaria de Bushehr.<\/p>\n\n\n\n<p>Seg\u00fan el diario estadunidense&nbsp;<em>New York Times<\/em>, que cit\u00f3 a responsables iran\u00edes, el ataque se llev\u00f3 a cabo con drones peque\u00f1os que posiblemente fueron lanzados desde territorio iran\u00ed.<\/p>\n\n\n\n<p>El Washington Post cit\u00f3 a su vez a un responsable israel\u00ed que afirm\u00f3, bajo condici\u00f3n de anonimato, que el ataque respond\u00eda a la agresi\u00f3n del fin de semana y buscaba mostrar que Israel tiene la capacidad de alcanzar el interior del pa\u00eds.<\/p>\n\n\n\n<p>El ministro israel\u00ed de Seguridad Nacional, Itamar Ben Gvir, fue acusado de atribuir impl\u00edcitamente a Israel las explosiones registradas en Ir\u00e1n.<\/p>\n\n\n\n<p>Las acusaciones se dieron despu\u00e9s de que el ministro de extrema derecha publicara el mensaje \u201c\u00a1Dardaleh!&#8221;\u201den X, una palabra coloquial hebrea asimilable a \u201cd\u00e9bil\u201d, implicando que Israel estuvo detr\u00e1s de las explosiones pero que su actuaci\u00f3n no fue lo suficientemente fuerte.<\/p>\n\n\n\n<p><strong>Temores a una expansi\u00f3n regional<\/strong><\/p>\n\n\n\n<p>El ej\u00e9rcito israel\u00ed inform\u00f3 de la activaci\u00f3n de sirenas antia\u00e9reas en el norte de Israel, en la frontera con L\u00edbano, escenario habitual de disparos entre sus tropas y el movimiento Hezbol\u00e1, aliado de Ir\u00e1n.<\/p>\n\n\n\n<p>En paralelo, distintas fuentes reportaron explosiones en el sur de Siria, un pa\u00eds aliado de Teher\u00e1n que tambi\u00e9n suele ser blanco de ataques israel\u00edes.<\/p>\n\n\n\n<p>Ir\u00e1n realiz\u00f3 el s\u00e1bado su primer ataque directo contra Israel, con el lanzamiento de unos 350 drones y misiles que fueron interceptados en su casi totalidad.<\/p>\n\n\n\n<p>Las autoridades iran\u00edes aseguraron actuar en \u201cleg\u00edtima defensa\u201d despu\u00e9s del bombardeo contra su consulado en Damasco el 1\u00b0 de abril, que atribuyen a Israel y en el que murieron siete miembros de la Guardia Revolucionaria.<\/p>\n\n\n\n<p>Estos acontecimientos se enmarcan en un contexto de temores de una expansi\u00f3n regional de la guerra entre Israel y el movimiento islamista Ham\u00e1s, aliado de Teher\u00e1n, en la Franja de Gaza.<\/p>\n\n\n\n<p>El conflicto en Gaza comenz\u00f3 con el ataque de Hamas el 7 de octubre en el sur de Israel, en el que los combatientes islamistas mataron a unas mil 170 personas y secuestraron a otras 250, seg\u00fan un recuento de la AFP con base en datos oficiales.<\/p>\n\n\n\n<p>En respuesta, Israel lanz\u00f3 una ofensiva a\u00e9rea y terrestre en Gaza, que hasta ahora ya dej\u00f3 33 mil 970 muertos, seg\u00fan el Ministerio de Salud del movimiento islamista, que gobierna el territorio palestino.<\/p>\n\n\n\n<p>Los ministros del G7 manifestaron a Israel su oposici\u00f3n a \u201cuna operaci\u00f3n militar de envergadura en Rafah\u201d, en el sur de la Franja, que seg\u00fan ellos tendr\u00eda \u201cconsecuencias catastr\u00f3ficas para la poblaci\u00f3n civil\u201d que all\u00ed se concentra.<\/p>\n","protected":false},"excerpt":{"rendered":"<p>Teher\u00e1n.&nbsp;Varias explosiones sacudieron este viernes el centro de Ir\u00e1n, en lo que responsables norteamericanos presentaron como un ataque israel\u00ed en represalia por los drones y misiles disparados por Teher\u00e1n contra Israel el s\u00e1bado pasado. La agencia de noticias iran\u00ed Fars inform\u00f3 de \u201ctres explosiones\u201d cerca de la base militar de Shekari, del aeropuerto de Isfah\u00e1n [&hellip;]<\/p>\n","protected":false},"author":1,"featured_media":9516,"comment_status":"open","ping_status":"open","sticky":false,"template":"","format":"standard","meta":{"content-type":"","footnotes":""},"categories":[7],"tags":[],"class_list":{"0":"post-9515","1":"post","2":"type-post","3":"status-publish","4":"format-standard","5":"has-post-thumbnail","7":"category-internacional"},"_links":{"self":[{"href":"https:\/\/www.regioncuatronoticias.com\/index.php\/wp-json\/wp\/v2\/posts\/9515","targetHints":{"allow":["GET"]}}],"collection":[{"href":"https:\/\/www.regioncuatronoticias.com\/index.php\/wp-json\/wp\/v2\/posts"}],"about":[{"href":"https:\/\/www.regioncuatronoticias.com\/index.php\/wp-json\/wp\/v2\/types\/post"}],"author":[{"embeddable":true,"href":"https:\/\/www.regioncuatronoticias.com\/index.php\/wp-json\/wp\/v2\/users\/1"}],"replies":[{"embeddable":true,"href":"https:\/\/www.regioncuatronoticias.com\/index.php\/wp-json\/wp\/v2\/comments?post=9515"}],"version-history":[{"count":1,"href":"https:\/\/www.regioncuatronoticias.com\/index.php\/wp-json\/wp\/v2\/posts\/9515\/revisions"}],"predecessor-version":[{"id":9517,"href":"https:\/\/www.regioncuatronoticias.com\/index.php\/wp-json\/wp\/v2\/posts\/9515\/revisions\/9517"}],"wp:featuredmedia":[{"embeddable":true,"href":"https:\/\/www.regioncuatronoticias.com\/index.php\/wp-json\/wp\/v2\/media\/9516"}],"wp:attachment":[{"href":"https:\/\/www.regioncuatronoticias.com\/index.php\/wp-json\/wp\/v2\/media?parent=9515"}],"wp:term":[{"taxonomy":"category","embeddable":true,"href":"https:\/\/www.regioncuatronoticias.com\/index.php\/wp-json\/wp\/v2\/categories?post=9515"},{"taxonomy":"post_tag","embeddable":true,"href":"https:\/\/www.regioncuatronoticias.com\/index.php\/wp-json\/wp\/v2\/tags?post=9515"}],"curies":[{"name":"wp","href":"https:\/\/api.w.org\/{rel}","templated":true}]}}