{"id":9457,"date":"2024-04-18T12:39:04","date_gmt":"2024-04-18T19:39:04","guid":{"rendered":"https:\/\/www.regioncuatronoticias.com\/?p=9457"},"modified":"2024-04-18T12:39:08","modified_gmt":"2024-04-18T19:39:08","slug":"maynez-estara-en-hermosillo-este-sabado-en-el-arranque-de-campana-de-natalia-rivera","status":"publish","type":"post","link":"https:\/\/www.regioncuatronoticias.com\/index.php\/2024\/04\/18\/maynez-estara-en-hermosillo-este-sabado-en-el-arranque-de-campana-de-natalia-rivera\/","title":{"rendered":"M\u00e1ynez estar\u00e1 en Hermosillo este s\u00e1bado, en el arranque de campa\u00f1a de Natalia Rivera"},"content":{"rendered":"\n<p>HERMOSILLO.- El candidato a la presidencia de la Rep\u00fablica por Movimiento Ciudadano, Jorge \u00c1lvarez Maynez, visitar\u00e1 la ciudad de Hermosillo este s\u00e1bado 20 de abril para acompa\u00f1ar a Natalia Rivera en el inicio de su campa\u00f1a por la alcald\u00eda de la capital sonorense.<\/p>\n\n\n\n<p>Jes\u00fas Manuel Scott S\u00e1nchez, coordinador de la Comisi\u00f3n Operativa estatal, mencion\u00f3 que M\u00e1ynez tambi\u00e9n participar\u00e1 en la toma de protesta de alrededor de mil regidores ciudadanos, quienes respaldar\u00e1n a Natalia Rivera durante su campa\u00f1a como parte de la f\u00f3rmula local.<\/p>\n\n\n\n<p>&#8220;Esta ser\u00e1 una jornada de inicio, como la estamos llamando, donde Jorge estar\u00e1 apoyando a la f\u00f3rmula local que competir\u00e1 por Hermosillo y especialmente respaldando a la candidata a la alcald\u00eda Natalia Rivera&#8221;.<\/p>\n\n\n\n<p>Scott S\u00e1nchez a\u00f1adi\u00f3 que tambi\u00e9n buscar\u00e1n definir un lugar para que en su pr\u00f3xima visita, M\u00e1ynez pueda reunirse con los j\u00f3venes hermosillenses.<\/p>\n","protected":false},"excerpt":{"rendered":"<p>HERMOSILLO.- El candidato a la presidencia de la Rep\u00fablica por Movimiento Ciudadano, Jorge \u00c1lvarez Maynez, visitar\u00e1 la ciudad de Hermosillo este s\u00e1bado 20 de abril para acompa\u00f1ar a Natalia Rivera en el inicio de su campa\u00f1a por la alcald\u00eda de la capital sonorense. Jes\u00fas Manuel Scott S\u00e1nchez, coordinador de la Comisi\u00f3n Operativa estatal, mencion\u00f3 que [&hellip;]<\/p>\n","protected":false},"author":1,"featured_media":9458,"comment_status":"open","ping_status":"open","sticky":false,"template":"","format":"standard","meta":{"content-type":"","footnotes":""},"categories":[123],"tags":[],"class_list":{"0":"post-9457","1":"post","2":"type-post","3":"status-publish","4":"format-standard","5":"has-post-thumbnail","7":"category-elecciones2024"},"_links":{"self":[{"href":"https:\/\/www.regioncuatronoticias.com\/index.php\/wp-json\/wp\/v2\/posts\/9457","targetHints":{"allow":["GET"]}}],"collection":[{"href":"https:\/\/www.regioncuatronoticias.com\/index.php\/wp-json\/wp\/v2\/posts"}],"about":[{"href":"https:\/\/www.regioncuatronoticias.com\/index.php\/wp-json\/wp\/v2\/types\/post"}],"author":[{"embeddable":true,"href":"https:\/\/www.regioncuatronoticias.com\/index.php\/wp-json\/wp\/v2\/users\/1"}],"replies":[{"embeddable":true,"href":"https:\/\/www.regioncuatronoticias.com\/index.php\/wp-json\/wp\/v2\/comments?post=9457"}],"version-history":[{"count":1,"href":"https:\/\/www.regioncuatronoticias.com\/index.php\/wp-json\/wp\/v2\/posts\/9457\/revisions"}],"predecessor-version":[{"id":9459,"href":"https:\/\/www.regioncuatronoticias.com\/index.php\/wp-json\/wp\/v2\/posts\/9457\/revisions\/9459"}],"wp:featuredmedia":[{"embeddable":true,"href":"https:\/\/www.regioncuatronoticias.com\/index.php\/wp-json\/wp\/v2\/media\/9458"}],"wp:attachment":[{"href":"https:\/\/www.regioncuatronoticias.com\/index.php\/wp-json\/wp\/v2\/media?parent=9457"}],"wp:term":[{"taxonomy":"category","embeddable":true,"href":"https:\/\/www.regioncuatronoticias.com\/index.php\/wp-json\/wp\/v2\/categories?post=9457"},{"taxonomy":"post_tag","embeddable":true,"href":"https:\/\/www.regioncuatronoticias.com\/index.php\/wp-json\/wp\/v2\/tags?post=9457"}],"curies":[{"name":"wp","href":"https:\/\/api.w.org\/{rel}","templated":true}]}}