{"id":9445,"date":"2024-04-18T12:16:04","date_gmt":"2024-04-18T19:16:04","guid":{"rendered":"https:\/\/www.regioncuatronoticias.com\/?p=9445"},"modified":"2024-04-18T12:16:06","modified_gmt":"2024-04-18T19:16:06","slug":"maynez-zaldivar-esta-extraviado-quiere-hueso","status":"publish","type":"post","link":"https:\/\/www.regioncuatronoticias.com\/index.php\/2024\/04\/18\/maynez-zaldivar-esta-extraviado-quiere-hueso\/","title":{"rendered":"M\u00e1ynez: Zald\u00edvar est\u00e1 extraviado, quiere hueso"},"content":{"rendered":"\n<p>Al considerar que se trata de otro intento de golpeteo a la Suprema Corte de Justicia de la Naci\u00f3n (SCJN), Jorge \u00c1lvarez M\u00e1ynez lament\u00f3 la intenci\u00f3n del exministro presidente Arturo Zald\u00edvar de solicitar un juicio pol\u00edtico contra la ministra presidenta Norma Pi\u00f1a.<\/p>\n\n\n\n<p>\u201cArturo Zald\u00edvar est\u00e1 muy extraviado. No, por supuesto que no es procedente [el juicio pol\u00edtico]. La ministra Norma Pi\u00f1a tiene todo mi respaldo y vamos a defender a la Corte. No es un asunto de personas, sino de instituciones, y lo que est\u00e1 haciendo el ministro Zald\u00edvar es vergonzoso, es ensuciar, agredir y golpetear a una instituci\u00f3n fundamental para M\u00e9xico\u201d, se\u00f1al\u00f3 el candidato presidencial de Movimiento Ciudadano (MC).<\/p>\n\n\n\n<p>Antes de firmar el Pacto por una Revoluci\u00f3n Sostenible con el Instituto de Recursos Mundiales (WRI, por sus siglas en ingl\u00e9s), declar\u00f3 en rueda de prensa que esta acci\u00f3n es una herramienta electoral para \u201ctener hueso\u201d en la pr\u00f3xima administraci\u00f3n.<br>Play Video<\/p>\n\n\n\n<p>\u201c\u00c9l est\u00e1 en un inter\u00e9s mezquino, electoral. Desde hace mucho tiempo, desde que era ministro, quiere ser fiscal, ser secretario de Gobernaci\u00f3n. Quiere hueso, quiere impunidad, quiere preservar un r\u00e9gimen de privilegios al que se acostumbr\u00f3 y creo que est\u00e1 extraviado el ministro Zald\u00edvar, no es por ah\u00ed y no va a pasar.<\/p>\n\n\n\n<p>\u201cEs un golpeteo ya ruin, burdo, grotesco del expresidente de la Corte, instituci\u00f3n que tanto le dio\u201d, subray\u00f3.<\/p>\n\n\n\n<p>En este sentido, \u00c1lvarez M\u00e1ynez consider\u00f3 que los asuntos de la Suprema Corte deben ser discutidos con visi\u00f3n de Estado, no como una arenga electoral.<\/p>\n\n\n\n<p>Por otra parte, en la reuni\u00f3n con el WRI, donde dialog\u00f3 sobre sus propuestas para un modelo sostenible de desarrollo en M\u00e9xico, el zacatecano destac\u00f3 la importancia de una agenda verde y la necesidad de implementar pol\u00edticas p\u00fablicas que promuevan la sustentabilidad y el cuidado del medio ambiente.<\/p>\n\n\n\n<p>Mencion\u00f3 diversas alternativas como impuestos verdes, transporte p\u00fablico, agricultura sostenible, energ\u00edas limpias, entre otras propuestas incluidas en su proyecto de naci\u00f3n El Nuevo M\u00e9xico, para hacer hincapi\u00e9 en la importancia de promover esta agenda.<\/p>\n","protected":false},"excerpt":{"rendered":"<p>Al considerar que se trata de otro intento de golpeteo a la Suprema Corte de Justicia de la Naci\u00f3n (SCJN), Jorge \u00c1lvarez M\u00e1ynez lament\u00f3 la intenci\u00f3n del exministro presidente Arturo Zald\u00edvar de solicitar un juicio pol\u00edtico contra la ministra presidenta Norma Pi\u00f1a. \u201cArturo Zald\u00edvar est\u00e1 muy extraviado. No, por supuesto que no es procedente [el [&hellip;]<\/p>\n","protected":false},"author":1,"featured_media":9446,"comment_status":"open","ping_status":"open","sticky":false,"template":"","format":"standard","meta":{"content-type":"","footnotes":""},"categories":[123],"tags":[],"class_list":{"0":"post-9445","1":"post","2":"type-post","3":"status-publish","4":"format-standard","5":"has-post-thumbnail","7":"category-elecciones2024"},"_links":{"self":[{"href":"https:\/\/www.regioncuatronoticias.com\/index.php\/wp-json\/wp\/v2\/posts\/9445","targetHints":{"allow":["GET"]}}],"collection":[{"href":"https:\/\/www.regioncuatronoticias.com\/index.php\/wp-json\/wp\/v2\/posts"}],"about":[{"href":"https:\/\/www.regioncuatronoticias.com\/index.php\/wp-json\/wp\/v2\/types\/post"}],"author":[{"embeddable":true,"href":"https:\/\/www.regioncuatronoticias.com\/index.php\/wp-json\/wp\/v2\/users\/1"}],"replies":[{"embeddable":true,"href":"https:\/\/www.regioncuatronoticias.com\/index.php\/wp-json\/wp\/v2\/comments?post=9445"}],"version-history":[{"count":1,"href":"https:\/\/www.regioncuatronoticias.com\/index.php\/wp-json\/wp\/v2\/posts\/9445\/revisions"}],"predecessor-version":[{"id":9447,"href":"https:\/\/www.regioncuatronoticias.com\/index.php\/wp-json\/wp\/v2\/posts\/9445\/revisions\/9447"}],"wp:featuredmedia":[{"embeddable":true,"href":"https:\/\/www.regioncuatronoticias.com\/index.php\/wp-json\/wp\/v2\/media\/9446"}],"wp:attachment":[{"href":"https:\/\/www.regioncuatronoticias.com\/index.php\/wp-json\/wp\/v2\/media?parent=9445"}],"wp:term":[{"taxonomy":"category","embeddable":true,"href":"https:\/\/www.regioncuatronoticias.com\/index.php\/wp-json\/wp\/v2\/categories?post=9445"},{"taxonomy":"post_tag","embeddable":true,"href":"https:\/\/www.regioncuatronoticias.com\/index.php\/wp-json\/wp\/v2\/tags?post=9445"}],"curies":[{"name":"wp","href":"https:\/\/api.w.org\/{rel}","templated":true}]}}