{"id":9439,"date":"2024-04-18T12:07:34","date_gmt":"2024-04-18T19:07:34","guid":{"rendered":"https:\/\/www.regioncuatronoticias.com\/?p=9439"},"modified":"2024-04-18T12:07:35","modified_gmt":"2024-04-18T19:07:35","slug":"xochitl-galvez-en-el-debate-me-senti-incomoda-y-fingida-por-no-usar-huipil-voy-a-mandar-al-carajo-muchas-cosas","status":"publish","type":"post","link":"https:\/\/www.regioncuatronoticias.com\/index.php\/2024\/04\/18\/xochitl-galvez-en-el-debate-me-senti-incomoda-y-fingida-por-no-usar-huipil-voy-a-mandar-al-carajo-muchas-cosas\/","title":{"rendered":"X\u00f3chitl G\u00e1lvez: En el debate me sent\u00ed inc\u00f3moda y fingida por no usar huipil; voy a mandar al carajo muchas cosas"},"content":{"rendered":"\n<p>La candidata del PAN, PRI y PRD a la Presidencia de la Rep\u00fablica, X\u00f3chitl G\u00e1lvez Ruiz, declar\u00f3 que en el primer debate presidencial se sinti\u00f3 inc\u00f3moda al portar un traje sastre y no su acostumbrado huipil, pues afirm\u00f3 que se sinti\u00f3 \u201cfingida\u201d, por lo que advirti\u00f3 que \u201cmandar\u00e1 al carajo\u201d cosas de su campa\u00f1a.<\/p>\n\n\n\n<p>Al participar en un Space de la red social X, con motivo de la publicaci\u00f3n del libro biogr\u00e1fico \u201cXingona\u201d, de la periodista Ivonne Melgar, la candidata presidencial reconoci\u00f3 que lo m\u00e1s duro que ha vivido durante su campa\u00f1a fue el video que se hizo viral en el que su hijo Juan Pablo aparece insultando a personal de un bar en la zona de Polanco.<\/p>\n\n\n\n<p>Adem\u00e1s, lament\u00f3 que se le descalifique por vestir huipil, lo que la ha orillado a \u201chacer un esfuerzo\u201d para vestir traje sastre.<\/p>\n\n\n\n<p>\u201cEn esta campa\u00f1a he vivido cosas dur\u00edsimas y quiz\u00e1 la m\u00e1s dura es la que pas\u00f3 con mi hijo, tengo que decirlo. Y de repente he estado pensando \u2018es que la gente no te quiere de huipil, porque una presidenta no puede traer huipil\u2019. He hecho el esfuerzo de traer traje sastre que s\u00ed lo uso, pero me inc\u00f3moda, y creo que en el debate nunca estuve c\u00f3moda, la verdad me sent\u00eda fingida\u201d, revel\u00f3.<\/p>\n\n\n\n<p>X\u00f3chitl G\u00e1lvez advirti\u00f3 que en los 40 d\u00edas que le restan a su campa\u00f1a mandar\u00e1 &#8220;al carajo&#8221; muchas cosas.<\/p>\n\n\n\n<p>\u201cVoy a mandar al carajo muchas cosas que no estoy dispuesta a aceptar, y voy a ser yo ,y si me quieren como soy, adelante. Por supuesto que soy una mujer que est\u00e1 preparada, por supuesto que soy una mujer que sabe resolver problemas, pero sobre todo soy una persona que ama al pr\u00f3jimo y eso es lo que tienen que valorar los mexicanos y que soy una mujer capaz de construir equipos\u201d, apunt\u00f3.<\/p>\n\n\n\n<p>\u201cMuchos mexicanos me han dicho estos d\u00edas: \u2018s\u00e9 t\u00fa\u2019 y voy a ser yo (en el segundo debate). Y si una mujer con huipil no le gusta a los mexicanos, lo lamento. Creo que s\u00ed me puedo poner un traje sastre. He sido s\u00faper golpeada por mi sobrepeso, como si el tener los dientes chuecos o los dientes derechos te hicieran m\u00e1s o menos. Pero son los fantasmas que muchos mexicanos van a tener que enfrentar los pr\u00f3ximos d\u00edas. Una mujer que miente con un cinismo brutal<\/p>\n\n\n\n<p>Dijo que ella \u201cjam\u00e1s\u201d podr\u00eda salir a hacer una declaraci\u00f3n como la que hizo Claudia Sheinbaum para defender al ministro en retiro Arturo Zald\u00edvar: \u201cYo hubiera tenido que decir que Arturo Zald\u00edvar enfrente a la autoridad, que se ponga a disposici\u00f3n de la autoridad porque las acusaciones son muy graves\u201d.<\/p>\n\n\n\n<p>\u201cNo soy la mujer perfecta, estoy lejos de ser una mujer perfecta, pero vaya que tengo un coraz\u00f3n del tama\u00f1o de su cabeza, lleno de amor, y lo vamos a lograr juntos\u201d, cerr\u00f3 X\u00f3chitl G\u00e1lvez su participaci\u00f3n en ese foro virtual, al que se conectaron 7 mil 767 internautas.<\/p>\n","protected":false},"excerpt":{"rendered":"<p>La candidata del PAN, PRI y PRD a la Presidencia de la Rep\u00fablica, X\u00f3chitl G\u00e1lvez Ruiz, declar\u00f3 que en el primer debate presidencial se sinti\u00f3 inc\u00f3moda al portar un traje sastre y no su acostumbrado huipil, pues afirm\u00f3 que se sinti\u00f3 \u201cfingida\u201d, por lo que advirti\u00f3 que \u201cmandar\u00e1 al carajo\u201d cosas de su campa\u00f1a. Al [&hellip;]<\/p>\n","protected":false},"author":1,"featured_media":9440,"comment_status":"open","ping_status":"open","sticky":false,"template":"","format":"standard","meta":{"content-type":"","footnotes":""},"categories":[123],"tags":[],"class_list":{"0":"post-9439","1":"post","2":"type-post","3":"status-publish","4":"format-standard","5":"has-post-thumbnail","7":"category-elecciones2024"},"_links":{"self":[{"href":"https:\/\/www.regioncuatronoticias.com\/index.php\/wp-json\/wp\/v2\/posts\/9439","targetHints":{"allow":["GET"]}}],"collection":[{"href":"https:\/\/www.regioncuatronoticias.com\/index.php\/wp-json\/wp\/v2\/posts"}],"about":[{"href":"https:\/\/www.regioncuatronoticias.com\/index.php\/wp-json\/wp\/v2\/types\/post"}],"author":[{"embeddable":true,"href":"https:\/\/www.regioncuatronoticias.com\/index.php\/wp-json\/wp\/v2\/users\/1"}],"replies":[{"embeddable":true,"href":"https:\/\/www.regioncuatronoticias.com\/index.php\/wp-json\/wp\/v2\/comments?post=9439"}],"version-history":[{"count":1,"href":"https:\/\/www.regioncuatronoticias.com\/index.php\/wp-json\/wp\/v2\/posts\/9439\/revisions"}],"predecessor-version":[{"id":9441,"href":"https:\/\/www.regioncuatronoticias.com\/index.php\/wp-json\/wp\/v2\/posts\/9439\/revisions\/9441"}],"wp:featuredmedia":[{"embeddable":true,"href":"https:\/\/www.regioncuatronoticias.com\/index.php\/wp-json\/wp\/v2\/media\/9440"}],"wp:attachment":[{"href":"https:\/\/www.regioncuatronoticias.com\/index.php\/wp-json\/wp\/v2\/media?parent=9439"}],"wp:term":[{"taxonomy":"category","embeddable":true,"href":"https:\/\/www.regioncuatronoticias.com\/index.php\/wp-json\/wp\/v2\/categories?post=9439"},{"taxonomy":"post_tag","embeddable":true,"href":"https:\/\/www.regioncuatronoticias.com\/index.php\/wp-json\/wp\/v2\/tags?post=9439"}],"curies":[{"name":"wp","href":"https:\/\/api.w.org\/{rel}","templated":true}]}}