{"id":9398,"date":"2024-04-18T10:50:15","date_gmt":"2024-04-18T17:50:15","guid":{"rendered":"https:\/\/www.regioncuatronoticias.com\/?p=9398"},"modified":"2024-04-18T10:50:22","modified_gmt":"2024-04-18T17:50:22","slug":"el-30-de-abril-y-1-de-mayo-las-audiencias-en-cij-de-mexico-contra-ecuador","status":"publish","type":"post","link":"https:\/\/www.regioncuatronoticias.com\/index.php\/2024\/04\/18\/el-30-de-abril-y-1-de-mayo-las-audiencias-en-cij-de-mexico-contra-ecuador\/","title":{"rendered":"El 30 de abril y 1 de mayo, las audiencias en CIJ de M\u00e9xico contra Ecuador"},"content":{"rendered":"\n<p>La Corte Internacional de Justicia (CIJ) anunci\u00f3 este jueves que el martes 30 de abril y el mi\u00e9rcoles 1 de mayo celebrar\u00e1 audiencias p\u00fablicas en el Palacio de la Paz de La Haya, sede de la Corte, en el procedimiento iniciado por M\u00e9xico contra Ecuador por el asalto a la embajada mexicana en Quito.<\/p>\n\n\n\n<p>\u201cLas audiencias se dedicar\u00e1n a la Solicitud de indicaci\u00f3n de medidas provisionales contenida en la Solicitud de M\u00e9xico\u201d, indic\u00f3 el m\u00e1ximo \u00f3rgano judicial de la Organizaci\u00f3n de las Naciones Unidas.<\/p>\n\n\n\n<p>En su solicitud, M\u00e9xico pide al Tribunal que, a la espera de una sentencia definitiva en el caso, que indique las siguientes medidas provisionales: que el gobierno de Ecuador tome las medidas apropiadas e inmediatas para brindar plena protecci\u00f3n y seguridad de las sedes diplom\u00e1ticas, sus bienes y archivos impidiendo cualquier forma de intrusi\u00f3n contra los mismos, as\u00ed como que el gobierno del Ecuador permita al gobierno de M\u00e9xico desalojar las instalaciones diplom\u00e1ticas y la residencia privada de los agentes diplom\u00e1ticos.<\/p>\n\n\n\n<p>M\u00e9xico tambi\u00e9n ha solicitado a la Corte que ordene que Ecuador asegure que no se tome ninguna acci\u00f3n que pueda perjudicar los derechos de M\u00e9xico respecto de cualquier decisi\u00f3n que la Corte pueda dictar sobre el fondo, as\u00ed como que el gobierno ecuatoriano se abstenga de cualquier acto o conducta que pueda agravar o ampliar la controversia de la que conoce la Corte.<\/p>\n\n\n\n<p>El martes 30 de abril tocar\u00e1 a M\u00e9xico ser escuchado por la CIJ y el mi\u00e9rcoles 1 de mayo ser\u00e1 el turno de Ecuador.<\/p>\n","protected":false},"excerpt":{"rendered":"<p>La Corte Internacional de Justicia (CIJ) anunci\u00f3 este jueves que el martes 30 de abril y el mi\u00e9rcoles 1 de mayo celebrar\u00e1 audiencias p\u00fablicas en el Palacio de la Paz de La Haya, sede de la Corte, en el procedimiento iniciado por M\u00e9xico contra Ecuador por el asalto a la embajada mexicana en Quito. \u201cLas [&hellip;]<\/p>\n","protected":false},"author":1,"featured_media":9399,"comment_status":"open","ping_status":"open","sticky":false,"template":"","format":"standard","meta":{"content-type":"","footnotes":""},"categories":[7],"tags":[],"class_list":{"0":"post-9398","1":"post","2":"type-post","3":"status-publish","4":"format-standard","5":"has-post-thumbnail","7":"category-internacional"},"_links":{"self":[{"href":"https:\/\/www.regioncuatronoticias.com\/index.php\/wp-json\/wp\/v2\/posts\/9398","targetHints":{"allow":["GET"]}}],"collection":[{"href":"https:\/\/www.regioncuatronoticias.com\/index.php\/wp-json\/wp\/v2\/posts"}],"about":[{"href":"https:\/\/www.regioncuatronoticias.com\/index.php\/wp-json\/wp\/v2\/types\/post"}],"author":[{"embeddable":true,"href":"https:\/\/www.regioncuatronoticias.com\/index.php\/wp-json\/wp\/v2\/users\/1"}],"replies":[{"embeddable":true,"href":"https:\/\/www.regioncuatronoticias.com\/index.php\/wp-json\/wp\/v2\/comments?post=9398"}],"version-history":[{"count":1,"href":"https:\/\/www.regioncuatronoticias.com\/index.php\/wp-json\/wp\/v2\/posts\/9398\/revisions"}],"predecessor-version":[{"id":9400,"href":"https:\/\/www.regioncuatronoticias.com\/index.php\/wp-json\/wp\/v2\/posts\/9398\/revisions\/9400"}],"wp:featuredmedia":[{"embeddable":true,"href":"https:\/\/www.regioncuatronoticias.com\/index.php\/wp-json\/wp\/v2\/media\/9399"}],"wp:attachment":[{"href":"https:\/\/www.regioncuatronoticias.com\/index.php\/wp-json\/wp\/v2\/media?parent=9398"}],"wp:term":[{"taxonomy":"category","embeddable":true,"href":"https:\/\/www.regioncuatronoticias.com\/index.php\/wp-json\/wp\/v2\/categories?post=9398"},{"taxonomy":"post_tag","embeddable":true,"href":"https:\/\/www.regioncuatronoticias.com\/index.php\/wp-json\/wp\/v2\/tags?post=9398"}],"curies":[{"name":"wp","href":"https:\/\/api.w.org\/{rel}","templated":true}]}}