{"id":9367,"date":"2024-04-17T21:17:55","date_gmt":"2024-04-18T04:17:55","guid":{"rendered":"https:\/\/www.regioncuatronoticias.com\/?p=9367"},"modified":"2024-04-18T05:51:35","modified_gmt":"2024-04-18T12:51:35","slug":"los-duendes-de-morena-en-la-camara-de-los-diputados","status":"publish","type":"post","link":"https:\/\/www.regioncuatronoticias.com\/index.php\/2024\/04\/17\/los-duendes-de-morena-en-la-camara-de-los-diputados\/","title":{"rendered":"Los \u201cduendes\u201d de MORENA en la C\u00e1mara de los Diputados"},"content":{"rendered":"\n<p><strong>Columna De Primera Mano<\/strong><\/p>\n\n\n\n<p><strong>Francisco Javier Ruiz Quirr\u00edn<\/strong><\/p>\n\n\n\n<p><strong>Los \u201cduendes\u201d de MORENA en la C\u00e1mara de los Diputados<\/strong><\/p>\n\n\n\n<p><strong>Jueves 18 de abril de 2024<\/strong><\/p>\n\n\n\n<p><strong>SER\u00cdA<\/strong> muy convincente que los legisladores panistas Jorge Triana y Jos\u00e9 El\u00edas, exhibieran en el pleno de la C\u00e1mara de Diputados dos documentos: Uno, el dictamen real, votado en la comisi\u00f3n de seguridad social para la creaci\u00f3n del Fondo de Pensiones para el Bienestar y, el otro, el dictamen modificado que MORENA pretend\u00eda imponer y votar mayoritariamente en la sesi\u00f3n de ayer.<\/p>\n\n\n\n<p>Y aqu\u00ed surge el cuestionamiento: \u00bfQu\u00e9 conten\u00eda el dictamen modificado? Porque el coordinador del partido del Presidente en la C\u00e1mara Baja, Ignacio Mier, asegura que hubo un error humano y que no ten\u00edan ninguna necesidad de modificarlo si hab\u00eda sido aprobado por una mayor\u00eda \u201cmorenista\u201d en comisiones.<\/p>\n\n\n\n<p>Pero lo que respalda de manera contundente el descubrimiento de los diputados del PAN, es su consecuencia: Ante los hechos, a la presidenta de la mesa directiva, diputada Marcela Guerra Castillo, no le qued\u00f3 m\u00e1s remedio que suspender la sesi\u00f3n y llevarla hasta el lunes venidero. Evidentemente, s\u00ed hubo \u201cduendes\u201d que se movieron horas antes de la sesi\u00f3n e incluyeron \u201calgo\u201d que no hab\u00eda sido contemplado en la comisi\u00f3n de seguridad social.<\/p>\n\n\n\n<p>\u00bfQu\u00e9 fue el texto a\u00f1adido? Eso ser\u00eda interesante saberlo.<\/p>\n\n\n\n<p>Porque no se requieren dos dedos de frente para estar de acuerdo con quien asegura que ese Fondo de Pensiones para el Bienestar, arropado con 45 mil millones de pesos surgido de toda una vida de ahorros de los trabajadores mexicanos, pretende engrosar la enorme bolsa de recursos con la que ya cuenta L\u00f3pez Obrador y cuyo destino tendr\u00eda un sentido estrictamente pol\u00edtico.<\/p>\n\n\n\n<p>Porque, ante la realidad de que ese dinero no ha sido reclamado por los interesados, \u00bfNo podr\u00eda el gobierno haber enviado una carta-invitaci\u00f3n a cada trabajador solicit\u00e1ndole recoger un recurso que solamente es suyo?<\/p>\n\n\n\n<p>O bien, \u00bfQu\u00e9 no tendr\u00e1 capacidad el gobierno para armar una campa\u00f1a de difusi\u00f3n motivando a los miles de trabajadores mexicanos que no han reclamado sus AFORES, para hacerlo?<\/p>\n\n\n\n<p>Porque adem\u00e1s, otra verdad es que todo ese dinero no es p\u00fablico; es dinero privado y el gobierno est\u00e1 metiendo las narices bajo el enga\u00f1o de que habr\u00e1 una gran bolsa para que el trabajador reciba una mayor pensi\u00f3n. \u00bfQui\u00e9n garantiza que habr\u00e1 fondos para esos pagos?<\/p>\n\n\n\n<p>Y finalmente: \u00bfCree usted en las promesas oficiales?<\/p>\n\n\n\n<p><strong>Y AL PRESIDENTE<\/strong> de la comisi\u00f3n de r\u00e9gimen interno y concertaci\u00f3n pol\u00edtica del Congreso de Sonora, diputado Roger \u201cKiko\u201d Munro, no le qued\u00f3 m\u00e1s remedio ayer que anunciar que cinco suplentes de igual n\u00famero de diputadas y diputados que solicitaron licencia para irse a competir por un cargo de elecci\u00f3n popular, se integrar\u00edan formalmente al Poder Legislativo en el Estado a partir del pr\u00f3ximo lunes\u2026 Trascendi\u00f3 el caso de \u201cKiki\u201d D\u00edaz Brown, porque su relevo por Natalia Rivera incluye un voto para el PRI, lo cual quiz\u00e1 no pese mucho en la contabilidad de las sesiones, pero ya se hablar\u00eda de una opini\u00f3n diferente y un conducto para mover iniciativas inesperadas\u2026 Munro retard\u00f3 el llamado a \u201cKiki\u201d con el pretexto de esperar del Instituto Estatal Electoral y el Tribunal Estatal Electoral, un dictamen para permitir el relevo, cuando el Congreso tiene la facultad y la obligaci\u00f3n de llamar al suplente de cualquier legislador que solicite separarse del cargo, de forma inmediata\u2026 En fin\u2026 Inevitable concluir que hab\u00eda gato encerrado\u2026 \u201cKiko\u201d es un expanista, miembro ahora del Partido Encuentro Solidario (PES), af\u00edn a MORENA\u2026 \u00bfSer\u00eda nada m\u00e1s por eso?<\/p>\n\n\n\n<p><strong>POR CIERTO,<\/strong> en el edificio del comit\u00e9 directivo estatal del PRI se recibir\u00e1 ahora a Graciela Ortiz Gonz\u00e1lez, secretaria de Organizaci\u00f3n del Comit\u00e9 Ejecutivo Nacional de ese instituto pol\u00edtico\u2026 Quiz\u00e1 y traiga consigo m\u00e1s \u00f3rdenes estrictas de Alejandro \u201cAlito\u201d Moreno, el jerarca nacional, quien se dio el lujo de imponer a todos los candidatos en Sonora, federales y locales, para lo cual envi\u00f3 por dos d\u00edas a un delegado, Carlos Mancilla, con todo y la firma autorizada para los efectos legales correspondientes\u2026 En fin.<\/p>\n","protected":false},"excerpt":{"rendered":"<p>Columna De Primera Mano Francisco Javier Ruiz Quirr\u00edn Los \u201cduendes\u201d de MORENA en la C\u00e1mara de los Diputados Jueves 18 de abril de 2024 SER\u00cdA muy convincente que los legisladores panistas Jorge Triana y Jos\u00e9 El\u00edas, exhibieran en el pleno de la C\u00e1mara de Diputados dos documentos: Uno, el dictamen real, votado en la comisi\u00f3n [&hellip;]<\/p>\n","protected":false},"author":1,"featured_media":9396,"comment_status":"open","ping_status":"open","sticky":false,"template":"","format":"standard","meta":{"content-type":"","footnotes":""},"categories":[124],"tags":[],"class_list":{"0":"post-9367","1":"post","2":"type-post","3":"status-publish","4":"format-standard","5":"has-post-thumbnail","7":"category-francisco-javier-ruiz-quirrin"},"_links":{"self":[{"href":"https:\/\/www.regioncuatronoticias.com\/index.php\/wp-json\/wp\/v2\/posts\/9367","targetHints":{"allow":["GET"]}}],"collection":[{"href":"https:\/\/www.regioncuatronoticias.com\/index.php\/wp-json\/wp\/v2\/posts"}],"about":[{"href":"https:\/\/www.regioncuatronoticias.com\/index.php\/wp-json\/wp\/v2\/types\/post"}],"author":[{"embeddable":true,"href":"https:\/\/www.regioncuatronoticias.com\/index.php\/wp-json\/wp\/v2\/users\/1"}],"replies":[{"embeddable":true,"href":"https:\/\/www.regioncuatronoticias.com\/index.php\/wp-json\/wp\/v2\/comments?post=9367"}],"version-history":[{"count":1,"href":"https:\/\/www.regioncuatronoticias.com\/index.php\/wp-json\/wp\/v2\/posts\/9367\/revisions"}],"predecessor-version":[{"id":9369,"href":"https:\/\/www.regioncuatronoticias.com\/index.php\/wp-json\/wp\/v2\/posts\/9367\/revisions\/9369"}],"wp:featuredmedia":[{"embeddable":true,"href":"https:\/\/www.regioncuatronoticias.com\/index.php\/wp-json\/wp\/v2\/media\/9396"}],"wp:attachment":[{"href":"https:\/\/www.regioncuatronoticias.com\/index.php\/wp-json\/wp\/v2\/media?parent=9367"}],"wp:term":[{"taxonomy":"category","embeddable":true,"href":"https:\/\/www.regioncuatronoticias.com\/index.php\/wp-json\/wp\/v2\/categories?post=9367"},{"taxonomy":"post_tag","embeddable":true,"href":"https:\/\/www.regioncuatronoticias.com\/index.php\/wp-json\/wp\/v2\/tags?post=9367"}],"curies":[{"name":"wp","href":"https:\/\/api.w.org\/{rel}","templated":true}]}}