{"id":9354,"date":"2024-04-17T16:40:53","date_gmt":"2024-04-17T23:40:53","guid":{"rendered":"https:\/\/www.regioncuatronoticias.com\/?p=9354"},"modified":"2024-04-17T16:40:55","modified_gmt":"2024-04-17T23:40:55","slug":"investigacion-contra-zaldivar-es-fuera-de-lo-comun-sheinbaum","status":"publish","type":"post","link":"https:\/\/www.regioncuatronoticias.com\/index.php\/2024\/04\/17\/investigacion-contra-zaldivar-es-fuera-de-lo-comun-sheinbaum\/","title":{"rendered":"Investigaci\u00f3n contra Zald\u00edvar es &#8220;fuera de lo com\u00fan&#8221;: Sheinbaum"},"content":{"rendered":"\n<p>Tekax. Yuc. La investigaci\u00f3n contra el ministro en retiro Arturo Zald\u00edvar y su equipo es \u201cfuera de lo com\u00fan\u201d en un proceso electoral, asegur\u00f3 Claudia Sheinbaum, candidata presidencial de la coalici\u00f3n Sigamos haciendo historia.<\/p>\n\n\n\n<p>\u201cYa he dado mi opini\u00f3n de que lo que hizo en este caso la Suprema Corte (de Justicia de la Naci\u00f3n), la ministra (Norma Pi\u00f1a), de levantar una investigaci\u00f3n en 24 horas, desarrollarla y adem\u00e1s p\u00fablicamente sancionar es algo fuera de lo com\u00fan y m\u00e1s en medio de un proceso electoral.<\/p>\n\n\n\n<p>-\u00bfSe le tendr\u00eda que llevar a juicio pol\u00edtico?<br>-Ya lo est\u00e1n definiendo nuestros compa\u00f1eros.<\/p>\n\n\n\n<p>La candidata de Morena, PT y PVEM dio una breve entrevista en este municipio, donde ante productores y pescadores afirm\u00f3: \u201cno voy a esperar a que lleguemos a la Presidencia\u201d para atenderlos, por lo que enviar\u00e1 una carta al director de la Comisi\u00f3n Federal de Electricidad, Manuel Barttlet, para que \u201cse abra una mesa de trabajo, para que se regresen los subsidios para los pozos agr\u00edcolas y ganaderos, porque es injusto\u201d que las tarifas se hayan incrementado hasta cuatro veces cuando \u201cno se puede sacar la suficiente producci\u00f3n agr\u00edcola\u201d para pagarlas.<\/p>\n\n\n\n<p>Enviar\u00e1 tambi\u00e9n una carta al director de la Comisi\u00f3n Nacional del Agua, Germ\u00e1n Mart\u00ednez, para que instalen mesas de trabajo \u201cpara que se legalicen todas las concesiones de pozos\u201d.<\/p>\n\n\n\n<p>Claro, aclar\u00f3, \u201clo vamos a desarrollar cuando lleguemos, eso es garant\u00eda, pero que desde ahora puedan hacerse mesas de trabajo\u201d.<\/p>\n\n\n\n<p>Ofreci\u00f3 asimismo, un proyecto conjunto entre el estado y federaci\u00f3n, para que haya p\u00e1neles fotovoltaicos. \u201cEn las casas para bajar la tarifa de luz no solamente con subsidios, sino tambi\u00e9n que se consume menos electricidad. Tambi\u00e9n para el bombeo de pozos agr\u00edcolas y ganaderos. Eso va a permitir que no se tenga que consumir tanto y se reduzca el pago\u201d de tarifas.<\/p>\n\n\n\n<p>Anunci\u00f3 otro programa para habilitar caminos saca-cosechas.<\/p>\n\n\n\n<p>En su discurso, Sheinbaum critic\u00f3 que \u201cla candidatura del PRI\u201d en el estado presume que de ganar no se coordinar\u00eda con el gobierno federal, \u201cque ellos solitos pueden. Ahora va a ser todav\u00eda m\u00e1s apoyo el que vamos a dar, porque Huacho (Joaqu\u00edn D\u00edaz Mena) va a ser el pr\u00f3ximo gobernador de este estado y necesitamos coordinaci\u00f3n\u201d, se comprometi\u00f3.<\/p>\n\n\n\n<p>Dijo que por es importante votar seis de seis, es decir todas las boletas en favor de la coalici\u00f3n.<\/p>\n\n\n\n<p>La candidata presidencial lleg\u00f3 al campo de b\u00e9isbol de Ticul para un encuentro con mujeres rurales.<\/p>\n\n\n\n<p>Jos\u00e9 Guadalupe Tech Can, sacerdote maya, le realiz\u00f3 una limpia. \u201cPed\u00ed bendici\u00f3n para la candidata, que gane y le vaya bien en todo lo andan. Que se quiten los malos vientos, malos vibras. Hay personas que est\u00e1n compitiendo o pensando mal de ella. Que ganen en Ticul, en Yucat\u00e1n, en todo M\u00e9xico para que siempre apoyen a los pobres, a los campesinos. Fuerza, voluntad, sabidur\u00eda para todos los yucatecos y mexicanos\u201d.<\/p>\n","protected":false},"excerpt":{"rendered":"<p>Tekax. Yuc. La investigaci\u00f3n contra el ministro en retiro Arturo Zald\u00edvar y su equipo es \u201cfuera de lo com\u00fan\u201d en un proceso electoral, asegur\u00f3 Claudia Sheinbaum, candidata presidencial de la coalici\u00f3n Sigamos haciendo historia. \u201cYa he dado mi opini\u00f3n de que lo que hizo en este caso la Suprema Corte (de Justicia de la Naci\u00f3n), [&hellip;]<\/p>\n","protected":false},"author":1,"featured_media":9355,"comment_status":"open","ping_status":"open","sticky":false,"template":"","format":"standard","meta":{"content-type":"","footnotes":""},"categories":[123],"tags":[],"class_list":{"0":"post-9354","1":"post","2":"type-post","3":"status-publish","4":"format-standard","5":"has-post-thumbnail","7":"category-elecciones2024"},"_links":{"self":[{"href":"https:\/\/www.regioncuatronoticias.com\/index.php\/wp-json\/wp\/v2\/posts\/9354","targetHints":{"allow":["GET"]}}],"collection":[{"href":"https:\/\/www.regioncuatronoticias.com\/index.php\/wp-json\/wp\/v2\/posts"}],"about":[{"href":"https:\/\/www.regioncuatronoticias.com\/index.php\/wp-json\/wp\/v2\/types\/post"}],"author":[{"embeddable":true,"href":"https:\/\/www.regioncuatronoticias.com\/index.php\/wp-json\/wp\/v2\/users\/1"}],"replies":[{"embeddable":true,"href":"https:\/\/www.regioncuatronoticias.com\/index.php\/wp-json\/wp\/v2\/comments?post=9354"}],"version-history":[{"count":1,"href":"https:\/\/www.regioncuatronoticias.com\/index.php\/wp-json\/wp\/v2\/posts\/9354\/revisions"}],"predecessor-version":[{"id":9356,"href":"https:\/\/www.regioncuatronoticias.com\/index.php\/wp-json\/wp\/v2\/posts\/9354\/revisions\/9356"}],"wp:featuredmedia":[{"embeddable":true,"href":"https:\/\/www.regioncuatronoticias.com\/index.php\/wp-json\/wp\/v2\/media\/9355"}],"wp:attachment":[{"href":"https:\/\/www.regioncuatronoticias.com\/index.php\/wp-json\/wp\/v2\/media?parent=9354"}],"wp:term":[{"taxonomy":"category","embeddable":true,"href":"https:\/\/www.regioncuatronoticias.com\/index.php\/wp-json\/wp\/v2\/categories?post=9354"},{"taxonomy":"post_tag","embeddable":true,"href":"https:\/\/www.regioncuatronoticias.com\/index.php\/wp-json\/wp\/v2\/tags?post=9354"}],"curies":[{"name":"wp","href":"https:\/\/api.w.org\/{rel}","templated":true}]}}