{"id":9348,"date":"2024-04-17T16:36:35","date_gmt":"2024-04-17T23:36:35","guid":{"rendered":"https:\/\/www.regioncuatronoticias.com\/?p=9348"},"modified":"2024-04-17T16:36:53","modified_gmt":"2024-04-17T23:36:53","slug":"devuelven-a-comisiones-de-san-lazaro-el-dictamen-sobre-pensiones","status":"publish","type":"post","link":"https:\/\/www.regioncuatronoticias.com\/index.php\/2024\/04\/17\/devuelven-a-comisiones-de-san-lazaro-el-dictamen-sobre-pensiones\/","title":{"rendered":"Devuelven a comisiones de San L\u00e1zaro el dictamen sobre pensiones"},"content":{"rendered":"\n<p>Ciudad de M\u00e9xico. Al confirmarse que el dictamen de reforma al sistema de pensiones s\u00ed fue modificado, los grupos parlamentarios en la C\u00e1mara de Diputados decidieron reponer el procedimiento y, por primera vez desde que Morena es mayor\u00eda, el documento se devolvi\u00f3 a comisiones, para volverse a votar y discutirse el lunes en el pleno.<\/p>\n\n\n\n<p>El coordinador de Morena, Ignacio Mier, afirm\u00f3 que el cambio denunciado por el Partido Acci\u00f3n Nacional se debi\u00f3 a \u201cun error humano\u201d del equipo t\u00e9cnico de la bancada. \u201cNo hubo premeditaci\u00f3n\u201d, expuso Ignacio Mier, coordinador del grupo.<\/p>\n\n\n\n<p>Despu\u00e9s de un receso de hora y media, y tras el acuerdo de las bancadas, la presidenta de la Mesa Directiva, Marcela Guerra (PRI) reanud\u00f3 la sesi\u00f3n solo para levantarla y citar el lunes a las 13:00 horas.<br>La legisladora precis\u00f3 que, conforme al acuerdo alcanzado por los coordinadores de los grupos parlamentarios, as\u00ed como para \u201cdar certeza jur\u00eddica\u201d al proceso parlamentario, se tom\u00f3 la decisi\u00f3n de devolver el dictamen, para que vuelva a ser votado por la Comisi\u00f3n de Seguridad Social.<\/p>\n\n\n\n<p>El pleno vot\u00f3 reponer el procedimiento, entre aplausos de la bancada panista, de donde surgieron gritos de \u201c\u00a1no pasar\u00e1, no pasar\u00e1!\u201d<\/p>\n\n\n\n<p>Con la decisi\u00f3n, la junta directiva de la comisi\u00f3n fue convocada para esta tarde a efecto de citar a una sesi\u00f3n extraordinaria de su pleno ma\u00f1ana, a las 14 horas, para volver a votar el dictamen, que ya hab\u00eda aprobado el lunes pasado.<\/p>\n\n\n\n<p>Morena atribuy\u00f3 las modificaciones a un error de la secretar\u00eda t\u00e9cnica de la comisi\u00f3n, que preside Ivonne Cisneros.<\/p>\n\n\n\n<p>En rueda de prensa, Mier justific\u00f3: \u201cfue un error humano\u201d.<\/p>\n\n\n\n<p>-\u00bfY ustedes no revisaron el dictamen publicado en la Gaceta Parlamentaria? \u2013se le insisti\u00f3.<\/p>\n\n\n\n<p>-Lo advertimos.<\/p>\n\n\n\n<p>-Lo advirti\u00f3 el PAN.<\/p>\n\n\n\n<p>-No, lo hizo p\u00fablico. Nosotros ya lo \u00edbamos a hacer.<\/p>\n\n\n\n<p>El retraso en la discusi\u00f3n de la reforma para constituir un fondo de pensiones para el bienestar, tambi\u00e9n presionar\u00e1 los tiempos de la c\u00e1mara, porque tiene que enviar el proyecto de decreto al Senado el mismo lunes por la tarde, para que esa c\u00e1mara lo pueda incluir en su agenda de martes o mi\u00e9rcoles, dado que el periodo ordinario concluye el 30 de abril.<\/p>\n","protected":false},"excerpt":{"rendered":"<p>Ciudad de M\u00e9xico. Al confirmarse que el dictamen de reforma al sistema de pensiones s\u00ed fue modificado, los grupos parlamentarios en la C\u00e1mara de Diputados decidieron reponer el procedimiento y, por primera vez desde que Morena es mayor\u00eda, el documento se devolvi\u00f3 a comisiones, para volverse a votar y discutirse el lunes en el pleno. [&hellip;]<\/p>\n","protected":false},"author":1,"featured_media":9349,"comment_status":"open","ping_status":"open","sticky":false,"template":"","format":"standard","meta":{"content-type":"","footnotes":""},"categories":[105],"tags":[],"class_list":{"0":"post-9348","1":"post","2":"type-post","3":"status-publish","4":"format-standard","5":"has-post-thumbnail","7":"category-principal"},"_links":{"self":[{"href":"https:\/\/www.regioncuatronoticias.com\/index.php\/wp-json\/wp\/v2\/posts\/9348","targetHints":{"allow":["GET"]}}],"collection":[{"href":"https:\/\/www.regioncuatronoticias.com\/index.php\/wp-json\/wp\/v2\/posts"}],"about":[{"href":"https:\/\/www.regioncuatronoticias.com\/index.php\/wp-json\/wp\/v2\/types\/post"}],"author":[{"embeddable":true,"href":"https:\/\/www.regioncuatronoticias.com\/index.php\/wp-json\/wp\/v2\/users\/1"}],"replies":[{"embeddable":true,"href":"https:\/\/www.regioncuatronoticias.com\/index.php\/wp-json\/wp\/v2\/comments?post=9348"}],"version-history":[{"count":1,"href":"https:\/\/www.regioncuatronoticias.com\/index.php\/wp-json\/wp\/v2\/posts\/9348\/revisions"}],"predecessor-version":[{"id":9350,"href":"https:\/\/www.regioncuatronoticias.com\/index.php\/wp-json\/wp\/v2\/posts\/9348\/revisions\/9350"}],"wp:featuredmedia":[{"embeddable":true,"href":"https:\/\/www.regioncuatronoticias.com\/index.php\/wp-json\/wp\/v2\/media\/9349"}],"wp:attachment":[{"href":"https:\/\/www.regioncuatronoticias.com\/index.php\/wp-json\/wp\/v2\/media?parent=9348"}],"wp:term":[{"taxonomy":"category","embeddable":true,"href":"https:\/\/www.regioncuatronoticias.com\/index.php\/wp-json\/wp\/v2\/categories?post=9348"},{"taxonomy":"post_tag","embeddable":true,"href":"https:\/\/www.regioncuatronoticias.com\/index.php\/wp-json\/wp\/v2\/tags?post=9348"}],"curies":[{"name":"wp","href":"https:\/\/api.w.org\/{rel}","templated":true}]}}