{"id":9182,"date":"2024-04-16T11:46:21","date_gmt":"2024-04-16T18:46:21","guid":{"rendered":"https:\/\/www.regioncuatronoticias.com\/?p=9182"},"modified":"2024-04-16T11:46:23","modified_gmt":"2024-04-16T18:46:23","slug":"alertan-por-fuertes-vientos-que-se-registraran-en-gran-parte-de-sonora","status":"publish","type":"post","link":"https:\/\/www.regioncuatronoticias.com\/index.php\/2024\/04\/16\/alertan-por-fuertes-vientos-que-se-registraran-en-gran-parte-de-sonora\/","title":{"rendered":"Alertan por fuertes vientos que se registrar\u00e1n en gran parte de Sonora"},"content":{"rendered":"\n<p>La\u00a0<strong>masa<\/strong>\u00a0<strong>de<\/strong>\u00a0<strong>aire<\/strong>\u00a0asociada a un frente contin\u00faa su avance sobre el estado de Sonora, interactuando con diversas\u00a0<strong>condiciones atmosf\u00e9ricas.<\/strong><\/p>\n\n\n\n<p>Se esperan&nbsp;<strong>rachas de viento de 50 a 70 km\/h en la entidad<\/strong>, lo que podr\u00eda causar dificultades en la circulaci\u00f3n vial y afectar estructuras temporales. Adem\u00e1s, se pronostican algunas heladas en zonas monta\u00f1osas y un<strong>&nbsp;ambiente fresco por la ma\u00f1ana.<\/strong><\/p>\n\n\n\n<p>En cuanto a las\u00a0<strong>temperaturas<\/strong>, se espera que se mantengan\u00a0<strong>altas<\/strong>\u00a0en la regi\u00f3n. Por ejemplo, en Hermosillo, la temperatura m\u00ednima registrada fue de 15\u00b0C, con una m\u00e1xima prevista de 34\u00b0C. Aunque los cielos estar\u00e1n\u00a0<strong>despejados<\/strong>, se recomienda precauci\u00f3n debido a los vientos promedio de 15 km\/h y r\u00e1fagas de hasta 35 km\/h.<\/p>\n\n\n\n<p>En&nbsp;<strong>Ciudad<\/strong>&nbsp;<strong>Obreg\u00f3n<\/strong>, se espera una m\u00ednima de 14\u00b0C y una m\u00e1xima de 34\u00b0C, con cielos&nbsp;<strong>parcialmente<\/strong>&nbsp;nublados y vientos promedio de 10 km\/h, con r\u00e1fagas alcanzando los 45 km\/h.<\/p>\n\n\n\n<p><strong>Nogales<\/strong>&nbsp;amaneci\u00f3 con una m\u00ednima de 5\u00b0C y se espera una m\u00e1xima de 25\u00b0C, con cielos&nbsp;<strong>despejados<\/strong>&nbsp;y vientos promedio de 10 km\/h, con r\u00e1fagas de hasta 40 km\/h.<\/p>\n\n\n\n<p><strong>San<\/strong>&nbsp;<strong>Luis<\/strong>&nbsp;R\u00edo Colorado registr\u00f3 una m\u00ednima de 13\u00b0C y se prev\u00e9 una m\u00e1xima de 29\u00b0C, con cielos&nbsp;<strong>despejados<\/strong>&nbsp;y vientos promedio de 15 km\/h, con r\u00e1fagas de hasta 40 km\/h.<\/p>\n\n\n\n<p>En\u00a0<strong>Navojoa<\/strong>, la temperatura m\u00ednima fue de 15\u00b0C y se espera una m\u00e1xima de 36\u00b0C, con cielos con algunos\u00a0<strong>intervalos<\/strong>\u00a0nubosos y vientos promedio de 15 km\/h, con r\u00e1fagas de hasta 45 km\/h.<\/p>\n\n\n\n<p><strong>Agua<\/strong>&nbsp;<strong>Prieta<\/strong>&nbsp;registr\u00f3 una m\u00ednima de 5\u00b0C y se espera una m\u00e1xima de 26\u00b0C, con cielos&nbsp;<strong>despejados<\/strong>&nbsp;y vientos promedio de 15 km\/h, con r\u00e1fagas de hasta 55 km\/h.<\/p>\n\n\n\n<p>Por \u00faltimo,&nbsp;<strong>Guaymas<\/strong>&nbsp;amaneci\u00f3 con una m\u00ednima de 16\u00b0C y se espera una m\u00e1xima de 28\u00b0C, con cielos&nbsp;<strong>parcialmente<\/strong>&nbsp;nublados y vientos promedio de 25 km\/h, con r\u00e1fagas de hasta 55 km\/h.<\/p>\n\n\n\n<p>Se recomienda a la poblaci\u00f3n tomar precauciones ante estas condiciones clim\u00e1ticas adversas y mantenerse informados a trav\u00e9s de las autoridades locales.<\/p>\n","protected":false},"excerpt":{"rendered":"<p>La\u00a0masa\u00a0de\u00a0aire\u00a0asociada a un frente contin\u00faa su avance sobre el estado de Sonora, interactuando con diversas\u00a0condiciones atmosf\u00e9ricas. Se esperan&nbsp;rachas de viento de 50 a 70 km\/h en la entidad, lo que podr\u00eda causar dificultades en la circulaci\u00f3n vial y afectar estructuras temporales. Adem\u00e1s, se pronostican algunas heladas en zonas monta\u00f1osas y un&nbsp;ambiente fresco por la ma\u00f1ana. [&hellip;]<\/p>\n","protected":false},"author":1,"featured_media":9183,"comment_status":"open","ping_status":"open","sticky":false,"template":"","format":"standard","meta":{"content-type":"","footnotes":""},"categories":[9],"tags":[],"class_list":{"0":"post-9182","1":"post","2":"type-post","3":"status-publish","4":"format-standard","5":"has-post-thumbnail","7":"category-sonora"},"_links":{"self":[{"href":"https:\/\/www.regioncuatronoticias.com\/index.php\/wp-json\/wp\/v2\/posts\/9182","targetHints":{"allow":["GET"]}}],"collection":[{"href":"https:\/\/www.regioncuatronoticias.com\/index.php\/wp-json\/wp\/v2\/posts"}],"about":[{"href":"https:\/\/www.regioncuatronoticias.com\/index.php\/wp-json\/wp\/v2\/types\/post"}],"author":[{"embeddable":true,"href":"https:\/\/www.regioncuatronoticias.com\/index.php\/wp-json\/wp\/v2\/users\/1"}],"replies":[{"embeddable":true,"href":"https:\/\/www.regioncuatronoticias.com\/index.php\/wp-json\/wp\/v2\/comments?post=9182"}],"version-history":[{"count":1,"href":"https:\/\/www.regioncuatronoticias.com\/index.php\/wp-json\/wp\/v2\/posts\/9182\/revisions"}],"predecessor-version":[{"id":9184,"href":"https:\/\/www.regioncuatronoticias.com\/index.php\/wp-json\/wp\/v2\/posts\/9182\/revisions\/9184"}],"wp:featuredmedia":[{"embeddable":true,"href":"https:\/\/www.regioncuatronoticias.com\/index.php\/wp-json\/wp\/v2\/media\/9183"}],"wp:attachment":[{"href":"https:\/\/www.regioncuatronoticias.com\/index.php\/wp-json\/wp\/v2\/media?parent=9182"}],"wp:term":[{"taxonomy":"category","embeddable":true,"href":"https:\/\/www.regioncuatronoticias.com\/index.php\/wp-json\/wp\/v2\/categories?post=9182"},{"taxonomy":"post_tag","embeddable":true,"href":"https:\/\/www.regioncuatronoticias.com\/index.php\/wp-json\/wp\/v2\/tags?post=9182"}],"curies":[{"name":"wp","href":"https:\/\/api.w.org\/{rel}","templated":true}]}}