{"id":9179,"date":"2024-04-16T11:45:19","date_gmt":"2024-04-16T18:45:19","guid":{"rendered":"https:\/\/www.regioncuatronoticias.com\/?p=9179"},"modified":"2024-04-16T11:45:20","modified_gmt":"2024-04-16T18:45:20","slug":"esperan-tener-el-95-de-camiones-con-aire-este-verano-en-hermosillo","status":"publish","type":"post","link":"https:\/\/www.regioncuatronoticias.com\/index.php\/2024\/04\/16\/esperan-tener-el-95-de-camiones-con-aire-este-verano-en-hermosillo\/","title":{"rendered":"Esperan tener el 95% de camiones con aire este verano en Hermosillo"},"content":{"rendered":"\n<p>HERMOSILLO, Sonora.- Un 95% de las unidades de transporte urbano se espera que tengan encendidos los aires acondicionados este verano, manifest\u00f3 Carlos Sosa Casta\u00f1eda.<\/p>\n\n\n\n<p>El coordinador ejecutivo del Instituto de Movilidad y Transporte del Estado de Sonora (Imtes), expuso que desde ayer ya deber\u00e1n de contar con el aire encendido las unidades de forma obligatoria.<\/p>\n\n\n\n<p>En Hermosillo se espera un encendido de m\u00e1s del 95% y un 70% a nivel estatal, los resultados de la efectividad se dar\u00e1n a conocer a finales de semana\u201d, apunt\u00f3.<\/p>\n\n\n\n<p>Seg\u00fan el art\u00edculo 28 de la Ley de Movilidad del Estado de Sonora es obligatorio que los choferes tengan encendidos los aires acondicionados.<\/p>\n\n\n\n<p>A partir de esta semana se llevar\u00e1n a cabo verificaciones por parte de la Direcci\u00f3n de Inspecci\u00f3n y Vigilancia del Imtes para revisar que cuenten las unidades de transporte urbano con el aire encendido.<\/p>\n\n\n\n<p>La ley de Transporte obliga a los operadores en su art\u00edculo 28 al encendido a partir del 15 de abril\u201d, expuso.<\/p>\n\n\n\n<p>Los operativos ser\u00e1n constantes, recalc\u00f3, para verificar tambi\u00e9n el sistema de transporte tipo van que opera en algunos municipios.<\/p>\n\n\n\n<p>Los operativos se realizan de manera aleatoria ciertos en los municipios de Magdalena, Puerto Pe\u00f1asco, Huatabampo, Etchojoa, Cananea, Benito Ju\u00e1rez, Nogales, Agua Prieta, Caborca, Cajeme, Empalme, Navojoa, Guaymas, San Luis R\u00edo Colorado y Hermosillo.<\/p>\n\n\n\n<p>\u201cToda esta semana los operativos los focalizaremos al transporte p\u00fablico urbano para poder cumplir con el objetivo\u201d, agreg\u00f3.<\/p>\n\n\n\n<p>Exhort\u00f3 a los usuarios a denunciar a las unidades que no cumplan con dicha disposici\u00f3n al 800-700171110 o por mensaje de WhatsApp al 662-104-77-55.<\/p>\n\n\n\n<p>\u201cTambi\u00e9n pueden usar la aplicaci\u00f3n UNE para dar cualquier reporte, el Imtes estar\u00e1 atento al cumplimiento de la ley\u201d, expuso.<\/p>\n\n\n\n<p>En Hermosillo transitan entre 340 a 350 unidades de transporte urbano durante el d\u00eda en sus 20 rutas a lo largo de la capital sonorense.<\/p>\n","protected":false},"excerpt":{"rendered":"<p>HERMOSILLO, Sonora.- Un 95% de las unidades de transporte urbano se espera que tengan encendidos los aires acondicionados este verano, manifest\u00f3 Carlos Sosa Casta\u00f1eda. El coordinador ejecutivo del Instituto de Movilidad y Transporte del Estado de Sonora (Imtes), expuso que desde ayer ya deber\u00e1n de contar con el aire encendido las unidades de forma obligatoria. [&hellip;]<\/p>\n","protected":false},"author":1,"featured_media":9180,"comment_status":"open","ping_status":"open","sticky":false,"template":"","format":"standard","meta":{"content-type":"","footnotes":""},"categories":[8],"tags":[],"class_list":{"0":"post-9179","1":"post","2":"type-post","3":"status-publish","4":"format-standard","5":"has-post-thumbnail","7":"category-hermosillo"},"_links":{"self":[{"href":"https:\/\/www.regioncuatronoticias.com\/index.php\/wp-json\/wp\/v2\/posts\/9179","targetHints":{"allow":["GET"]}}],"collection":[{"href":"https:\/\/www.regioncuatronoticias.com\/index.php\/wp-json\/wp\/v2\/posts"}],"about":[{"href":"https:\/\/www.regioncuatronoticias.com\/index.php\/wp-json\/wp\/v2\/types\/post"}],"author":[{"embeddable":true,"href":"https:\/\/www.regioncuatronoticias.com\/index.php\/wp-json\/wp\/v2\/users\/1"}],"replies":[{"embeddable":true,"href":"https:\/\/www.regioncuatronoticias.com\/index.php\/wp-json\/wp\/v2\/comments?post=9179"}],"version-history":[{"count":1,"href":"https:\/\/www.regioncuatronoticias.com\/index.php\/wp-json\/wp\/v2\/posts\/9179\/revisions"}],"predecessor-version":[{"id":9181,"href":"https:\/\/www.regioncuatronoticias.com\/index.php\/wp-json\/wp\/v2\/posts\/9179\/revisions\/9181"}],"wp:featuredmedia":[{"embeddable":true,"href":"https:\/\/www.regioncuatronoticias.com\/index.php\/wp-json\/wp\/v2\/media\/9180"}],"wp:attachment":[{"href":"https:\/\/www.regioncuatronoticias.com\/index.php\/wp-json\/wp\/v2\/media?parent=9179"}],"wp:term":[{"taxonomy":"category","embeddable":true,"href":"https:\/\/www.regioncuatronoticias.com\/index.php\/wp-json\/wp\/v2\/categories?post=9179"},{"taxonomy":"post_tag","embeddable":true,"href":"https:\/\/www.regioncuatronoticias.com\/index.php\/wp-json\/wp\/v2\/tags?post=9179"}],"curies":[{"name":"wp","href":"https:\/\/api.w.org\/{rel}","templated":true}]}}