{"id":8976,"date":"2024-04-15T00:53:40","date_gmt":"2024-04-15T07:53:40","guid":{"rendered":"https:\/\/www.regioncuatronoticias.com\/?p=8976"},"modified":"2024-04-15T00:53:41","modified_gmt":"2024-04-15T07:53:41","slug":"sonora-se-pintara-de-naranja-no-nos-vieron-venir-ernesto-de-lucas","status":"publish","type":"post","link":"https:\/\/www.regioncuatronoticias.com\/index.php\/2024\/04\/15\/sonora-se-pintara-de-naranja-no-nos-vieron-venir-ernesto-de-lucas\/","title":{"rendered":"\u201cSonora se pintar\u00e1 de naranja, no nos vieron venir\u201d: Ernesto De Lucas"},"content":{"rendered":"\n<p><strong>El candidato a Senador por Sonora, El Pato De Lucas, dijo que Movimiento Ciudadano es la \u00fanica fuerza pol\u00edtica que llevar\u00e1, sin duda, a las mejores personas para competir por las alcald\u00edas y diputaciones locales<\/strong><\/p>\n\n\n\n<p>Hermosillo, Sonora: 13 de abril de 2024. En un ambiente de alegr\u00eda se llev\u00f3 a cabo la convenci\u00f3n estatal Sonora de Movimiento Ciudadano en la que se capacit\u00f3 a las y los aspirantes a candidatos a puestos de elecci\u00f3n para ayuntamientos y diputaci\u00f3n local.<\/p>\n\n\n\n<p>Durante el transcurso del evento, el candidato al Senado, Ernesto De Lucas Hopkins, reconoci\u00f3 la valent\u00eda de todas las personas que tomaron la decisi\u00f3n de participar: \u201cnosotros s\u00ed tenemos ya, a mucho orgullo, a las mejores y a los mejores candidatas y candidatos, por eso no tengo la menor duda que el pr\u00f3ximo dos de junio Sonora se va a pintar de color naranja; Sonora ser\u00e1 ejemplo nacional y el M\u00e1ynez va a ser presidente\u201d.<\/p>\n\n\n\n<p>Acompa\u00f1ado de su compa\u00f1era de sus compa\u00f1eras de f\u00f3rmula, Mar\u00eda Rosas e Hidalila Camacho, record\u00f3 los tr\u00e1gicos hechos sucedidos en Sonoyta, donde la inseguridad cobr\u00f3 la vida de un maestro cuando acudieron a un evento del candidato a Puerto Pe\u00f1asco; indic\u00f3 que son un ejemplo de valent\u00eda, as\u00ed como como \u201ccada uno de ustedes que a partir del 20 de abril va a ir a hacer la osad\u00eda a cada rinc\u00f3n y a cada distrito local y, sobre todo, en todo el Estado de Sonora\u201d.<\/p>\n\n\n\n<p>\u201cA ustedes lo primero que les van a decir, es que el tiro es entre el covid, \u00f3sea la morena y lo que evolucion\u00f3 para generar ese covid, \u00f3sea la neumon\u00eda cr\u00f3nica, esa es la historia que le quieren hacer creer a la gente: o tienes covid, o tienes neumon\u00eda cr\u00f3nica, pero lo que la gente quiere es salud; y eso, lo \u00fanico que existe para darles una alternativa, es la gente buena, la gente ciudadana que aqu\u00ed est\u00e1n presente\u201d.<\/p>\n\n\n\n<p>\u201cYo les pido, que como la gente de Sonoyta, con valent\u00eda, con agallas, nos enfrentemos al oficialismo, a lo que ya no funcion\u00f3\u201d.&nbsp; Se\u00f1al\u00f3 El Pato De Lucas.<\/p>\n","protected":false},"excerpt":{"rendered":"<p>El candidato a Senador por Sonora, El Pato De Lucas, dijo que Movimiento Ciudadano es la \u00fanica fuerza pol\u00edtica que llevar\u00e1, sin duda, a las mejores personas para competir por las alcald\u00edas y diputaciones locales Hermosillo, Sonora: 13 de abril de 2024. En un ambiente de alegr\u00eda se llev\u00f3 a cabo la convenci\u00f3n estatal Sonora [&hellip;]<\/p>\n","protected":false},"author":1,"featured_media":8977,"comment_status":"open","ping_status":"open","sticky":false,"template":"","format":"standard","meta":{"content-type":"","footnotes":""},"categories":[123],"tags":[],"class_list":{"0":"post-8976","1":"post","2":"type-post","3":"status-publish","4":"format-standard","5":"has-post-thumbnail","7":"category-elecciones2024"},"_links":{"self":[{"href":"https:\/\/www.regioncuatronoticias.com\/index.php\/wp-json\/wp\/v2\/posts\/8976","targetHints":{"allow":["GET"]}}],"collection":[{"href":"https:\/\/www.regioncuatronoticias.com\/index.php\/wp-json\/wp\/v2\/posts"}],"about":[{"href":"https:\/\/www.regioncuatronoticias.com\/index.php\/wp-json\/wp\/v2\/types\/post"}],"author":[{"embeddable":true,"href":"https:\/\/www.regioncuatronoticias.com\/index.php\/wp-json\/wp\/v2\/users\/1"}],"replies":[{"embeddable":true,"href":"https:\/\/www.regioncuatronoticias.com\/index.php\/wp-json\/wp\/v2\/comments?post=8976"}],"version-history":[{"count":1,"href":"https:\/\/www.regioncuatronoticias.com\/index.php\/wp-json\/wp\/v2\/posts\/8976\/revisions"}],"predecessor-version":[{"id":8978,"href":"https:\/\/www.regioncuatronoticias.com\/index.php\/wp-json\/wp\/v2\/posts\/8976\/revisions\/8978"}],"wp:featuredmedia":[{"embeddable":true,"href":"https:\/\/www.regioncuatronoticias.com\/index.php\/wp-json\/wp\/v2\/media\/8977"}],"wp:attachment":[{"href":"https:\/\/www.regioncuatronoticias.com\/index.php\/wp-json\/wp\/v2\/media?parent=8976"}],"wp:term":[{"taxonomy":"category","embeddable":true,"href":"https:\/\/www.regioncuatronoticias.com\/index.php\/wp-json\/wp\/v2\/categories?post=8976"},{"taxonomy":"post_tag","embeddable":true,"href":"https:\/\/www.regioncuatronoticias.com\/index.php\/wp-json\/wp\/v2\/tags?post=8976"}],"curies":[{"name":"wp","href":"https:\/\/api.w.org\/{rel}","templated":true}]}}