{"id":8952,"date":"2024-04-14T22:23:51","date_gmt":"2024-04-15T05:23:51","guid":{"rendered":"https:\/\/www.regioncuatronoticias.com\/?p=8952"},"modified":"2024-04-14T22:23:53","modified_gmt":"2024-04-15T05:23:53","slug":"sonora-publican-manifiesto-de-impacto-ambiental-para-construccion-ferroviaria","status":"publish","type":"post","link":"https:\/\/www.regioncuatronoticias.com\/index.php\/2024\/04\/14\/sonora-publican-manifiesto-de-impacto-ambiental-para-construccion-ferroviaria\/","title":{"rendered":"Sonora: Publican manifiesto de impacto ambiental para construcci\u00f3n ferroviaria"},"content":{"rendered":"\n<p><strong>El proyecto de reubicar las v\u00edas del tren en Nogales no solo busca agilizar el tr\u00e1fico y el comercio entre M\u00e9xico y Estados Unidos<\/strong><\/p>\n\n\n\n<p>Tomado de La Jornada&nbsp;&nbsp;&nbsp;<\/p>\n\n\n\n<p>Cristina G\u00f3mez Lima, corresponsal<\/p>\n\n\n\n<p>Viernes 12 de abril de 2024<\/p>\n\n\n\n<p>Foto: El Universal<\/p>\n\n\n\n<p>El Gobierno de la Rep\u00fablica y de Sonora hicieron p\u00fablico el Manifiesto de Impacto Ambiental del proyecto para sacar del casco urbano de Nogales las v\u00edas del tren comercial que atraviesa la frontera de M\u00e9xico con Estados Unidos; el documento de 898 p\u00e1ginas establece los beneficios econ\u00f3micos y sociales que traer\u00e1 este plan para la regi\u00f3n fronteriza de M\u00e9xico con Arizona.<\/p>\n\n\n\n<p>\u201cEl Proyecto en general, tendr\u00e1 un gran impacto en la transformaci\u00f3n de Sonora y Arizona, ya que pretende establecer una estrecha relaci\u00f3n con el vecino del norte, trayendo consigo un mayor impulso de flujo de mercanc\u00edas y materiales entre los dos pa\u00edses, as\u00ed como la reducci\u00f3n de tiempos de traslado de estos, de igual forma se pretende mejorar la calidad de vida entre pobladores de ambas fronteras\u201d, dicta el MIA que emiti\u00f3 la Direcci\u00f3n General de Riesgo e Impacto Ambiental de la SEMARNAT.<\/p>\n\n\n\n<p>El documento fue entregado a los grupos de ambientalistas y habitantes del municipio de Imuris, quienes hab\u00edan externado su inquietud sobre las acciones para mitigar los efectos de esta obra en la que se invertir\u00e1n 7 mil millones de pesos, donde su administraci\u00f3n s\u00f3lo ser\u00e1 gestora de los permisos ante la Semarnat y Profepa.<\/p>\n\n\n\n<p>La construcci\u00f3n de dos libramientos ferroviarios que se ubicar\u00e1n en la parte norte del estado de Sonora contar\u00e1n con una longitud de 63.152 km y 9.586 km y se denominan como \u201cTramo \u00cdmuris-Miguel Hidalgo\u201d y \u201cTramo Conexi\u00f3n Frontera\u201d respectivamente. Ah\u00ed mismo se ha establecido que el tiempo estimado para la construcci\u00f3n de las nuevas v\u00edas es de aproximadamente 21 meses, mientras que la etapa de operaci\u00f3n y mantenimiento considera un periodo de 50 a\u00f1os.<\/p>\n\n\n\n<p>El proyecto de reubicar las v\u00edas del tren en Nogales no solo busca agilizar el tr\u00e1fico y el comercio entre M\u00e9xico y Estados Unidos, sino que tambi\u00e9n responde a una demanda social persistente para garantizar la seguridad de los habitantes y potenciar el desarrollo regional.<\/p>\n\n\n\n<p>Seg\u00fan han expuesto las autoridades estatales, la retirada de las v\u00edas no solo mejorar\u00eda la seguridad al eliminar los riesgos asociados con el paso de trenes por el centro de la ciudad, sino que tambi\u00e9n abrir\u00eda nuevos espacios urbanos que podr\u00edan destinarse a mejorar la movilidad y crear \u00e1reas p\u00fablicas, como parques lineales, promoviendo as\u00ed un entorno urbano&nbsp; y seguro para todos los nogalenses.<\/p>\n\n\n\n<p>Este proyecto, actualmente en negociaci\u00f3n con el gobierno estadunidense, representa un cambio significativo para la vida de la ciudad y sus habitantes, con la promesa de reorganizar la infraestructura urbana y mejorar sustancialmente la calidad de vida en la regi\u00f3n.<\/p>\n\n\n\n<figure class=\"wp-block-embed\"><div class=\"wp-block-embed__wrapper\">\nhttps:\/\/www.jornada.com.mx\/noticia\/2024\/04\/12\/estados\/gobierno-federal-y-de-sonora-publican-manifiesto-de-impacto-ambiental-para-construccion-ferroviaria-6144\n<\/div><\/figure>\n","protected":false},"excerpt":{"rendered":"<p>El proyecto de reubicar las v\u00edas del tren en Nogales no solo busca agilizar el tr\u00e1fico y el comercio entre M\u00e9xico y Estados Unidos Tomado de La Jornada&nbsp;&nbsp;&nbsp; Cristina G\u00f3mez Lima, corresponsal Viernes 12 de abril de 2024 Foto: El Universal El Gobierno de la Rep\u00fablica y de Sonora hicieron p\u00fablico el Manifiesto de Impacto [&hellip;]<\/p>\n","protected":false},"author":1,"featured_media":8953,"comment_status":"open","ping_status":"open","sticky":false,"template":"","format":"standard","meta":{"content-type":"","footnotes":""},"categories":[117,113,9],"tags":[],"class_list":{"0":"post-8952","1":"post","2":"type-post","3":"status-publish","4":"format-standard","5":"has-post-thumbnail","7":"category-general","8":"category-seguridad","9":"category-sonora"},"_links":{"self":[{"href":"https:\/\/www.regioncuatronoticias.com\/index.php\/wp-json\/wp\/v2\/posts\/8952","targetHints":{"allow":["GET"]}}],"collection":[{"href":"https:\/\/www.regioncuatronoticias.com\/index.php\/wp-json\/wp\/v2\/posts"}],"about":[{"href":"https:\/\/www.regioncuatronoticias.com\/index.php\/wp-json\/wp\/v2\/types\/post"}],"author":[{"embeddable":true,"href":"https:\/\/www.regioncuatronoticias.com\/index.php\/wp-json\/wp\/v2\/users\/1"}],"replies":[{"embeddable":true,"href":"https:\/\/www.regioncuatronoticias.com\/index.php\/wp-json\/wp\/v2\/comments?post=8952"}],"version-history":[{"count":1,"href":"https:\/\/www.regioncuatronoticias.com\/index.php\/wp-json\/wp\/v2\/posts\/8952\/revisions"}],"predecessor-version":[{"id":8954,"href":"https:\/\/www.regioncuatronoticias.com\/index.php\/wp-json\/wp\/v2\/posts\/8952\/revisions\/8954"}],"wp:featuredmedia":[{"embeddable":true,"href":"https:\/\/www.regioncuatronoticias.com\/index.php\/wp-json\/wp\/v2\/media\/8953"}],"wp:attachment":[{"href":"https:\/\/www.regioncuatronoticias.com\/index.php\/wp-json\/wp\/v2\/media?parent=8952"}],"wp:term":[{"taxonomy":"category","embeddable":true,"href":"https:\/\/www.regioncuatronoticias.com\/index.php\/wp-json\/wp\/v2\/categories?post=8952"},{"taxonomy":"post_tag","embeddable":true,"href":"https:\/\/www.regioncuatronoticias.com\/index.php\/wp-json\/wp\/v2\/tags?post=8952"}],"curies":[{"name":"wp","href":"https:\/\/api.w.org\/{rel}","templated":true}]}}