{"id":8886,"date":"2024-04-13T12:17:07","date_gmt":"2024-04-13T19:17:07","guid":{"rendered":"https:\/\/www.regioncuatronoticias.com\/?p=8886"},"modified":"2024-04-13T12:17:11","modified_gmt":"2024-04-13T19:17:11","slug":"sindicato-de-eu-lamenta-decision-de-volvo-sobre-nueva-planta-en-mexico","status":"publish","type":"post","link":"https:\/\/www.regioncuatronoticias.com\/index.php\/2024\/04\/13\/sindicato-de-eu-lamenta-decision-de-volvo-sobre-nueva-planta-en-mexico\/","title":{"rendered":"Sindicato de EU lamenta decisi\u00f3n de Volvo sobre nueva planta en M\u00e9xico"},"content":{"rendered":"\n<p>El sindicato de mayor representaci\u00f3n de los trabajadores de la industria automotriz en Estados Unidos United Auto Workers (UAW) dijo este viernes que est\u00e1 \u201cextremadamente decepcionado\u201d con la decisi\u00f3n del fabricante de veh\u00edculos pesados Volvo de establecer una nueva planta de camiones en M\u00e9xico, con la que la compa\u00f1\u00eda busca complementar su producci\u00f3n en Estados Unidos.<\/p>\n\n\n\n<p>En una carta publicada tarde el jueves, sindicato estadunidense indic\u00f3 que est\u00e1 investigando las obligaciones contractuales para las tarifas de fabricaci\u00f3n de camiones en la planta de Lehigh Valley Operations (LVO) y las posibles ramificaciones legales de la decisi\u00f3n de Volvo en M\u00e9xico.<\/p>\n\n\n\n<p>Volvo anunci\u00f3 la nueva planta en territorio mexicano el pasado jueves y agreg\u00f3 que invertir\u00e1 80 millones de d\u00f3lares adicionales para la producci\u00f3n futura en la f\u00e1brica de LVO, despu\u00e9s de haber desembolsado 73 millones de d\u00f3lares en los \u00faltimos cinco a\u00f1os.<\/p>\n\n\n\n<p>\u201cEsto es una bofetada para todos nosotros\u201d, dijo el presidente del sindicato UAW Local 677, Tim Hertzog, y se\u00f1al\u00f3 que la empresa inform\u00f3 al sindicato sobre los planes 15 minutos antes del anuncio.<\/p>\n\n\n\n<p>Volvo no estuvo disponible de inmediato para hacer comentarios el viernes.<\/p>\n","protected":false},"excerpt":{"rendered":"<p>El sindicato de mayor representaci\u00f3n de los trabajadores de la industria automotriz en Estados Unidos United Auto Workers (UAW) dijo este viernes que est\u00e1 \u201cextremadamente decepcionado\u201d con la decisi\u00f3n del fabricante de veh\u00edculos pesados Volvo de establecer una nueva planta de camiones en M\u00e9xico, con la que la compa\u00f1\u00eda busca complementar su producci\u00f3n en Estados [&hellip;]<\/p>\n","protected":false},"author":1,"featured_media":8887,"comment_status":"open","ping_status":"open","sticky":false,"template":"","format":"standard","meta":{"content-type":"","footnotes":""},"categories":[7],"tags":[],"class_list":{"0":"post-8886","1":"post","2":"type-post","3":"status-publish","4":"format-standard","5":"has-post-thumbnail","7":"category-internacional"},"_links":{"self":[{"href":"https:\/\/www.regioncuatronoticias.com\/index.php\/wp-json\/wp\/v2\/posts\/8886","targetHints":{"allow":["GET"]}}],"collection":[{"href":"https:\/\/www.regioncuatronoticias.com\/index.php\/wp-json\/wp\/v2\/posts"}],"about":[{"href":"https:\/\/www.regioncuatronoticias.com\/index.php\/wp-json\/wp\/v2\/types\/post"}],"author":[{"embeddable":true,"href":"https:\/\/www.regioncuatronoticias.com\/index.php\/wp-json\/wp\/v2\/users\/1"}],"replies":[{"embeddable":true,"href":"https:\/\/www.regioncuatronoticias.com\/index.php\/wp-json\/wp\/v2\/comments?post=8886"}],"version-history":[{"count":1,"href":"https:\/\/www.regioncuatronoticias.com\/index.php\/wp-json\/wp\/v2\/posts\/8886\/revisions"}],"predecessor-version":[{"id":8888,"href":"https:\/\/www.regioncuatronoticias.com\/index.php\/wp-json\/wp\/v2\/posts\/8886\/revisions\/8888"}],"wp:featuredmedia":[{"embeddable":true,"href":"https:\/\/www.regioncuatronoticias.com\/index.php\/wp-json\/wp\/v2\/media\/8887"}],"wp:attachment":[{"href":"https:\/\/www.regioncuatronoticias.com\/index.php\/wp-json\/wp\/v2\/media?parent=8886"}],"wp:term":[{"taxonomy":"category","embeddable":true,"href":"https:\/\/www.regioncuatronoticias.com\/index.php\/wp-json\/wp\/v2\/categories?post=8886"},{"taxonomy":"post_tag","embeddable":true,"href":"https:\/\/www.regioncuatronoticias.com\/index.php\/wp-json\/wp\/v2\/tags?post=8886"}],"curies":[{"name":"wp","href":"https:\/\/api.w.org\/{rel}","templated":true}]}}