{"id":8849,"date":"2024-04-12T08:39:04","date_gmt":"2024-04-12T15:39:04","guid":{"rendered":"https:\/\/www.regioncuatronoticias.com\/?p=8849"},"modified":"2024-04-12T08:39:06","modified_gmt":"2024-04-12T15:39:06","slug":"bilbao-festeja-el-titulo-de-copa-del-rey-con-su-emblematica-gabarra","status":"publish","type":"post","link":"https:\/\/www.regioncuatronoticias.com\/index.php\/2024\/04\/12\/bilbao-festeja-el-titulo-de-copa-del-rey-con-su-emblematica-gabarra\/","title":{"rendered":"Bilbao festeja el t\u00edtulo de Copa del Rey con su emblem\u00e1tica gabarra"},"content":{"rendered":"\n<p>Bilbao. Bilbao se ti\u00f1\u00f3 de rojiblanco en un jueves de celebraciones por el t\u00edtulo de la Copa del Rey que logr\u00f3 el Athletic el pasado s\u00e1bado y los jugadores vivieron una jornada inolvidable a bordo de la emblem\u00e1tica gabarra.<\/p>\n\n\n\n<p>Esa peque\u00f1a embarcaci\u00f3n tradicional forma parte de la historia del Athletic y llevaba 40 a\u00f1os sin realizarse este desfile por la r\u00eda del Nervi\u00f3n, que atraviesa la ciudad vasca. Cuatro d\u00e9cadas de espera hasta lograr un gran t\u00edtulo, algo que los Leones consiguieron el s\u00e1bado superando en la tanda de penales al Mallorca.<\/p>\n\n\n\n<p>Fue la 24\u00aa Copa del Rey de la historia del Athletic, al que solo supera en el palmar\u00e9s de esa competici\u00f3n el FC Barcelona, con 31 trofeos coperos.<\/p>\n\n\n\n<p>El recorrido de la gabarra fue de 13 kil\u00f3metros, desde la vecina localidad de Getxo hasta el Ayuntamiento de Bilbao. Entre medias, las multitudes se agolpaban a orillas de la r\u00eda, en una ciudad engalanada con los colores del club y que vive desde el s\u00e1bado una explosi\u00f3n de alegr\u00eda colectiva.<\/p>\n\n\n\n<p>En recuerdo a las generaciones pasadas, los campeones de Copa arrojaron p\u00e9talos de rosas blancas y rojas a la r\u00eda.<\/p>\n\n\n\n<p>&#8220;Han sido muchas l\u00e1grimas derramadas, muchas finales p\u00e9rdidas, pero ahora estamos aqu\u00ed. Esto es vuestro, de toda la familia del Athletic&#8221;, dijo el capit\u00e1n Iker Muniain desde el balc\u00f3n del Ayuntamiento, mostrando el trofeo a los fans.<\/p>\n\n\n\n<p>&#8220;Gracias por hacer de este d\u00eda algo incre\u00edble. Somos los mejores para celebrar lo que haga falta. Intentaremos ser mejores de lo que somos. Vamos por todo siempre&#8221;, apunt\u00f3 por su parte el entrenador Ernesto Valverde.<\/p>\n\n\n\n<p>Los jugadores disfrutaron de la jornada entre la emoci\u00f3n y la euforia por lo conseguido.<\/p>\n\n\n\n<p>&#8220;Todav\u00eda me tengo que pellizcar al ver esto. Estamos locos, estamos locos, la hemos l\u00edado. Estamos s\u00faper orgullosos. Por los que est\u00e1n y por los que no est\u00e1n. Por lo que hemos transmitido durante esta Copa y por las emociones. Esta afici\u00f3n y el pueblo nos lo merecemos. Hemos disfrutado much\u00edsimo y hoy es un d\u00eda para disfrutar m\u00e1s&#8221;, declar\u00f3 I\u00f1aki Williams a la televisi\u00f3n regional vasca, ETB.<\/p>\n","protected":false},"excerpt":{"rendered":"<p>Bilbao. Bilbao se ti\u00f1\u00f3 de rojiblanco en un jueves de celebraciones por el t\u00edtulo de la Copa del Rey que logr\u00f3 el Athletic el pasado s\u00e1bado y los jugadores vivieron una jornada inolvidable a bordo de la emblem\u00e1tica gabarra. Esa peque\u00f1a embarcaci\u00f3n tradicional forma parte de la historia del Athletic y llevaba 40 a\u00f1os sin [&hellip;]<\/p>\n","protected":false},"author":1,"featured_media":8850,"comment_status":"open","ping_status":"open","sticky":false,"template":"","format":"standard","meta":{"content-type":"","footnotes":""},"categories":[5],"tags":[],"class_list":{"0":"post-8849","1":"post","2":"type-post","3":"status-publish","4":"format-standard","5":"has-post-thumbnail","7":"category-deportes"},"_links":{"self":[{"href":"https:\/\/www.regioncuatronoticias.com\/index.php\/wp-json\/wp\/v2\/posts\/8849","targetHints":{"allow":["GET"]}}],"collection":[{"href":"https:\/\/www.regioncuatronoticias.com\/index.php\/wp-json\/wp\/v2\/posts"}],"about":[{"href":"https:\/\/www.regioncuatronoticias.com\/index.php\/wp-json\/wp\/v2\/types\/post"}],"author":[{"embeddable":true,"href":"https:\/\/www.regioncuatronoticias.com\/index.php\/wp-json\/wp\/v2\/users\/1"}],"replies":[{"embeddable":true,"href":"https:\/\/www.regioncuatronoticias.com\/index.php\/wp-json\/wp\/v2\/comments?post=8849"}],"version-history":[{"count":1,"href":"https:\/\/www.regioncuatronoticias.com\/index.php\/wp-json\/wp\/v2\/posts\/8849\/revisions"}],"predecessor-version":[{"id":8851,"href":"https:\/\/www.regioncuatronoticias.com\/index.php\/wp-json\/wp\/v2\/posts\/8849\/revisions\/8851"}],"wp:featuredmedia":[{"embeddable":true,"href":"https:\/\/www.regioncuatronoticias.com\/index.php\/wp-json\/wp\/v2\/media\/8850"}],"wp:attachment":[{"href":"https:\/\/www.regioncuatronoticias.com\/index.php\/wp-json\/wp\/v2\/media?parent=8849"}],"wp:term":[{"taxonomy":"category","embeddable":true,"href":"https:\/\/www.regioncuatronoticias.com\/index.php\/wp-json\/wp\/v2\/categories?post=8849"},{"taxonomy":"post_tag","embeddable":true,"href":"https:\/\/www.regioncuatronoticias.com\/index.php\/wp-json\/wp\/v2\/tags?post=8849"}],"curies":[{"name":"wp","href":"https:\/\/api.w.org\/{rel}","templated":true}]}}