{"id":8843,"date":"2024-04-12T08:37:09","date_gmt":"2024-04-12T15:37:09","guid":{"rendered":"https:\/\/www.regioncuatronoticias.com\/?p=8843"},"modified":"2024-04-12T08:37:15","modified_gmt":"2024-04-12T15:37:15","slug":"rinde-el-cenart-un-homenaje-a-manuel-enriquez-a-30-anos-de-su-fallecimiento","status":"publish","type":"post","link":"https:\/\/www.regioncuatronoticias.com\/index.php\/2024\/04\/12\/rinde-el-cenart-un-homenaje-a-manuel-enriquez-a-30-anos-de-su-fallecimiento\/","title":{"rendered":"Rinde el Cenart un homenaje a Manuel Enr\u00edquez a 30 a\u00f1os de su fallecimiento"},"content":{"rendered":"\n<p>Ciudad de M\u00e9xico. Aparte de compositor, el violinista Manuel Enr\u00edquez (1926-1994) era un hombre polifac\u00e9tico en su calidad de precursor de la m\u00fasica nueva, promotor de las melod\u00edas mexicanas, embajador cultural, adem\u00e1s de servidor p\u00fablico, sostiene su viuda, la pintora y curadora Susana Enr\u00edquez.<\/p>\n\n\n\n<p>El 26 de abril se cumplir\u00e1n tres d\u00e9cadas del fallecimiento de quien tambi\u00e9n incursion\u00f3 en la m\u00fasica electroac\u00fastica. Con este motivo, diferentes instancias del Centro Nacional de las Artes (Cenart) han organizado lo que se perfila como el m\u00e1s grande tributo en torno a su obra y figura.<\/p>\n\n\n\n<p>El homenaje InTerminado sue\u00f1o: 30 aniversario luctuoso de Manuel Enr\u00edquez, que comienza hoy, incluir\u00e1 conciertos, conversatorios y exposiciones en espacios como la Biblioteca de las Artes, que resguarda en comodato su archivo, as\u00ed como el Centro Multimedia.<\/p>\n\n\n\n<p>En 2016, con motivo de los 90 a\u00f1os del fundador del Foro Internacional de M\u00fasica Nueva Manuel Enr\u00edquez, el Cenart organiz\u00f3 una exposici\u00f3n; sin embargo, no se toc\u00f3 su m\u00fasica. En esta ocasi\u00f3n, adem\u00e1s de que el enfoque estar\u00e1 en su faceta como int\u00e9rprete, se han programado cinco conciertos dedicados enteramente a su arte. En uno, Alberto Cruzprieto tocar\u00e1 su obra integral compuesta para piano, mientras en otro, el Cuarteto de Cuerdas de Bellas Artes interpretar\u00e1 las cinco obras de Los cuartetos de cuerdas.<\/p>\n\n\n\n<p>Enr\u00edquez no sol\u00eda programar sus propias obras; incluso, a ra\u00edz de su muerte, hubo resistencia a tocar su m\u00fasica. \u201cNo lo quer\u00edan recordar ni programar, dec\u00edan que era muy pronto, que tuvo sus enemigos, que no lo quer\u00edan. Eso me afectaba porque siempre pretend\u00ed que se tocara su m\u00fasica. Una vez un director de orquesta me dijo: \u2018Susana, es muy pronto. Manuel tuvo muchos enemigos, no lo podemos programar\u2019.<\/p>\n\n\n\n<p>Eso me lastimaba porque Manuel trabaj\u00f3 no s\u00f3lo para s\u00ed mismo, sino para los dem\u00e1s, para la m\u00fasica mexicana y la educaci\u00f3n. Quer\u00eda promover a Manuel, tocaba puertas, pero era dif\u00edcil, dice Susana Enr\u00edquez a La Jornada. De hecho, unos a\u00f1os despu\u00e9s de la muerte de su esposo se fue becada a Australia para estudiar un doctorado en artes. Antes, entreg\u00f3 en comodato el acervo del compositor a la Biblioteca de las Artes como parte de sus fondos especiales, con acceso para investigadores, estudiantes y personas interesadas en su legado.<\/p>\n\n\n\n<p>El acervo de Manuel Enr\u00edquez consta no s\u00f3lo de partituras, sino de su correspondencia personal, cintas de carrete, libros, fotograf\u00edas, su colecci\u00f3n de m\u00fasica de otras latitudes y documentos oficiales.<\/p>\n\n\n\n<p>Susana Enr\u00edquez indica que despu\u00e9s de 2000, muchas cintas de carrete se pasaron a la Fonoteca Nacional para que se estabilizaran, restauraran y digitalizaran. La Fonoteca tiene tambi\u00e9n en comodato el acervo sonoro. Se hizo una copia digital para que la tuviera la Biblioteca de las Artes para consulta, detalla la pintora.<\/p>\n\n\n\n<p>Texturas y colores<\/p>\n\n\n\n<p>Son tres las exposiciones que comprende el homenaje. La primera, InTerminado sue\u00f1o, con documentos del acervo personal de Enr\u00edquez, se abrir\u00e1 hoy en el vest\u00edbulo de la Biblioteca de las Artes. El 18 de abril, en el Foro Negro de la Galer\u00eda Manuel Felgu\u00e9rez, se exhibir\u00e1 la instalaci\u00f3n sonora In-m\u00f3vil: Experiencia de escucha alrededor de la obra electroac\u00fastica de Manuel Enr\u00edquez. Ese mismo d\u00eda se inaugurar\u00e1 la tercera muestra, Ella y \u00e9l: Los colores en la m\u00fasica de Manuel Enr\u00edquez, curada por su esposa y con un performance de la flautista Evangelina Reyes.<\/p>\n\n\n\n<p>De acuerdo con Susana Enr\u00edquez, Manuel era un hombre interesado no s\u00f3lo en la m\u00fasica, sino tambi\u00e9n en el arte. Hablaba de texturas y colores. Esta exposici\u00f3n, que es un homenaje a \u00e9l, no es un ejercicio de sinestesia, sino una recreaci\u00f3n y un juego l\u00fadico de sonidos y colores.<\/p>\n\n\n\n<p>Tambi\u00e9n habr\u00e1 tres conversatorios, en los que participar\u00e1n figuras como Eugenia Revueltas, Sergio C\u00e1rdenas, Pilar Urreta y Margarita Pruneda. El programa de actividades tambi\u00e9n se llevar\u00e1 a cabo en conjunto con el Instituto Nacional de Bellas Artes y Literatura, la Universidad Nacional Aut\u00f3noma de M\u00e9xico y la Sociedad de Autores y Compositores de M\u00e9xico.<\/p>\n\n\n\n<p>El homenaje InTerminado sue\u00f1o: 30 aniversario luctuoso de Manuel Enr\u00edquez concluir\u00e1 el 1\u00ba de junio en el Centro Nacional de las Artes (R\u00edo Churubusco 79, colonia Country Club).<\/p>\n","protected":false},"excerpt":{"rendered":"<p>Ciudad de M\u00e9xico. Aparte de compositor, el violinista Manuel Enr\u00edquez (1926-1994) era un hombre polifac\u00e9tico en su calidad de precursor de la m\u00fasica nueva, promotor de las melod\u00edas mexicanas, embajador cultural, adem\u00e1s de servidor p\u00fablico, sostiene su viuda, la pintora y curadora Susana Enr\u00edquez. El 26 de abril se cumplir\u00e1n tres d\u00e9cadas del fallecimiento de [&hellip;]<\/p>\n","protected":false},"author":1,"featured_media":8844,"comment_status":"open","ping_status":"open","sticky":false,"template":"","format":"standard","meta":{"content-type":"","footnotes":""},"categories":[112],"tags":[],"class_list":{"0":"post-8843","1":"post","2":"type-post","3":"status-publish","4":"format-standard","5":"has-post-thumbnail","7":"category-cultura"},"_links":{"self":[{"href":"https:\/\/www.regioncuatronoticias.com\/index.php\/wp-json\/wp\/v2\/posts\/8843","targetHints":{"allow":["GET"]}}],"collection":[{"href":"https:\/\/www.regioncuatronoticias.com\/index.php\/wp-json\/wp\/v2\/posts"}],"about":[{"href":"https:\/\/www.regioncuatronoticias.com\/index.php\/wp-json\/wp\/v2\/types\/post"}],"author":[{"embeddable":true,"href":"https:\/\/www.regioncuatronoticias.com\/index.php\/wp-json\/wp\/v2\/users\/1"}],"replies":[{"embeddable":true,"href":"https:\/\/www.regioncuatronoticias.com\/index.php\/wp-json\/wp\/v2\/comments?post=8843"}],"version-history":[{"count":1,"href":"https:\/\/www.regioncuatronoticias.com\/index.php\/wp-json\/wp\/v2\/posts\/8843\/revisions"}],"predecessor-version":[{"id":8845,"href":"https:\/\/www.regioncuatronoticias.com\/index.php\/wp-json\/wp\/v2\/posts\/8843\/revisions\/8845"}],"wp:featuredmedia":[{"embeddable":true,"href":"https:\/\/www.regioncuatronoticias.com\/index.php\/wp-json\/wp\/v2\/media\/8844"}],"wp:attachment":[{"href":"https:\/\/www.regioncuatronoticias.com\/index.php\/wp-json\/wp\/v2\/media?parent=8843"}],"wp:term":[{"taxonomy":"category","embeddable":true,"href":"https:\/\/www.regioncuatronoticias.com\/index.php\/wp-json\/wp\/v2\/categories?post=8843"},{"taxonomy":"post_tag","embeddable":true,"href":"https:\/\/www.regioncuatronoticias.com\/index.php\/wp-json\/wp\/v2\/tags?post=8843"}],"curies":[{"name":"wp","href":"https:\/\/api.w.org\/{rel}","templated":true}]}}