{"id":8828,"date":"2024-04-12T08:31:50","date_gmt":"2024-04-12T15:31:50","guid":{"rendered":"https:\/\/www.regioncuatronoticias.com\/?p=8828"},"modified":"2024-04-12T08:31:53","modified_gmt":"2024-04-12T15:31:53","slug":"homicidios-en-guatemala-bajan-15-en-75-dias-del-nuevo-gobierno","status":"publish","type":"post","link":"https:\/\/www.regioncuatronoticias.com\/index.php\/2024\/04\/12\/homicidios-en-guatemala-bajan-15-en-75-dias-del-nuevo-gobierno\/","title":{"rendered":"Homicidios en Guatemala bajan 15% en 75 d\u00edas del nuevo gobierno"},"content":{"rendered":"\n<p>San Salvador. Los homicidios disminuyeron en un 15 por ciento en Guatemala en los primeros 75 d\u00edas del nuevo gobierno, asegur\u00f3 el jueves el ministro de Gobernaci\u00f3n, Francisco Jim\u00e9nez, quien exhort\u00f3 a continuar buscando mejores resultados en seguridad.<\/p>\n\n\n\n<p>&#8220;\u00a1Sigamos con todo! Los guatemaltecos necesitan m\u00e1s y mejores resultados. No hay ma\u00f1ana, #LaSeguridadEsHoy&#8221;, public\u00f3 Jim\u00e9nez en su cuenta en la red social X, donde mostr\u00f3 varios gr\u00e1ficos sobre la actividad criminal en el pa\u00eds.<\/p>\n\n\n\n<p>El funcionario precis\u00f3 que del 15 de enero pasado, cuando tom\u00f3 posesi\u00f3n el presidente Bernardo Ar\u00e9valo, hasta el 9 de abril, los homicidios bajaron de 633 a 541, una disminuci\u00f3n del 15 por ciento.<\/p>\n\n\n\n<p>Los homicidios contra las mujeres disminuyeron en dicho per\u00edodo de 84 en 2023 a 64 este a\u00f1o, en tanto la incidencia criminal acumulada descendi\u00f3 un 11 por ciento, al pasar de 4 mil 349 a 3 mil 857 casos en los 55 d\u00edas de la comparaci\u00f3n de 2023 y 2024.<\/p>\n\n\n\n<p>Lograr una mayor seguridad ciudadana es uno de los 10 ejes fundamentales de trabajo de la administraci\u00f3n de Ar\u00e9valo, de acuerdo con los planes del gobierno.<\/p>\n","protected":false},"excerpt":{"rendered":"<p>San Salvador. Los homicidios disminuyeron en un 15 por ciento en Guatemala en los primeros 75 d\u00edas del nuevo gobierno, asegur\u00f3 el jueves el ministro de Gobernaci\u00f3n, Francisco Jim\u00e9nez, quien exhort\u00f3 a continuar buscando mejores resultados en seguridad. &#8220;\u00a1Sigamos con todo! Los guatemaltecos necesitan m\u00e1s y mejores resultados. No hay ma\u00f1ana, #LaSeguridadEsHoy&#8221;, public\u00f3 Jim\u00e9nez en [&hellip;]<\/p>\n","protected":false},"author":1,"featured_media":8829,"comment_status":"open","ping_status":"open","sticky":false,"template":"","format":"standard","meta":{"content-type":"","footnotes":""},"categories":[7],"tags":[],"class_list":{"0":"post-8828","1":"post","2":"type-post","3":"status-publish","4":"format-standard","5":"has-post-thumbnail","7":"category-internacional"},"_links":{"self":[{"href":"https:\/\/www.regioncuatronoticias.com\/index.php\/wp-json\/wp\/v2\/posts\/8828","targetHints":{"allow":["GET"]}}],"collection":[{"href":"https:\/\/www.regioncuatronoticias.com\/index.php\/wp-json\/wp\/v2\/posts"}],"about":[{"href":"https:\/\/www.regioncuatronoticias.com\/index.php\/wp-json\/wp\/v2\/types\/post"}],"author":[{"embeddable":true,"href":"https:\/\/www.regioncuatronoticias.com\/index.php\/wp-json\/wp\/v2\/users\/1"}],"replies":[{"embeddable":true,"href":"https:\/\/www.regioncuatronoticias.com\/index.php\/wp-json\/wp\/v2\/comments?post=8828"}],"version-history":[{"count":1,"href":"https:\/\/www.regioncuatronoticias.com\/index.php\/wp-json\/wp\/v2\/posts\/8828\/revisions"}],"predecessor-version":[{"id":8830,"href":"https:\/\/www.regioncuatronoticias.com\/index.php\/wp-json\/wp\/v2\/posts\/8828\/revisions\/8830"}],"wp:featuredmedia":[{"embeddable":true,"href":"https:\/\/www.regioncuatronoticias.com\/index.php\/wp-json\/wp\/v2\/media\/8829"}],"wp:attachment":[{"href":"https:\/\/www.regioncuatronoticias.com\/index.php\/wp-json\/wp\/v2\/media?parent=8828"}],"wp:term":[{"taxonomy":"category","embeddable":true,"href":"https:\/\/www.regioncuatronoticias.com\/index.php\/wp-json\/wp\/v2\/categories?post=8828"},{"taxonomy":"post_tag","embeddable":true,"href":"https:\/\/www.regioncuatronoticias.com\/index.php\/wp-json\/wp\/v2\/tags?post=8828"}],"curies":[{"name":"wp","href":"https:\/\/api.w.org\/{rel}","templated":true}]}}