{"id":8822,"date":"2024-04-12T08:29:44","date_gmt":"2024-04-12T15:29:44","guid":{"rendered":"https:\/\/www.regioncuatronoticias.com\/?p=8822"},"modified":"2024-04-12T08:29:46","modified_gmt":"2024-04-12T15:29:46","slug":"chile-y-venezuela-escalan-conflicto-por-presunta-mafia-tren-de-aragua","status":"publish","type":"post","link":"https:\/\/www.regioncuatronoticias.com\/index.php\/2024\/04\/12\/chile-y-venezuela-escalan-conflicto-por-presunta-mafia-tren-de-aragua\/","title":{"rendered":"Chile y Venezuela escalan conflicto por presunta mafia &#8220;Tren de Aragua&#8221;"},"content":{"rendered":"\n<p>Santiago. Los gobiernos de Chile y Venezuela escalaron un diferendo diplom\u00e1tico a prop\u00f3sito de la existencia o no del &#8220;Tren de Aragua&#8221;, una organizaci\u00f3n del crimen organizado supuestamente nacida en la carcel de Tocor\u00f3n, en Caracas, y de la cual hay centenares de miembros presos en las c\u00e1rceles chilenas, seg\u00fan aseguran las autoridades locales.<\/p>\n\n\n\n<p>La controversia se desat\u00f3 cuanto, anteayer, el canciller venezolano, Yvan Gil, se dej\u00f3 decir que &#8220;el Tren de Aragua es una ficci\u00f3n creada por la medi\u00e1tica internacional para tratar de crear una etiqueta inexistente, como lo hicieron en su momento con el Cartel de los Soles (\u2026) que se demostr\u00f3 que no existe, que jam\u00e1s ha existido&#8221;.<\/p>\n\n\n\n<p>La afirmaci\u00f3n la hizo mientras estaba en C\u00facuta, Colombia -otro de los pa\u00edses que habr\u00eda sufrido la expansi\u00f3n regional de esa organizaci\u00f3n mafiosa-, reunido con su par, Luis Gilberto Murillo.<\/p>\n\n\n\n<p>Estas afirmaciones provocaron la reacci\u00f3n de la ministra del Interior chilena, Carolina Toh\u00e1, para quien son &#8220;un insulto, no al gobierno de Chile sino al pueblo de Chile y a los pueblos de Latinoam\u00e9rica, inaceptable&#8221;.<\/p>\n\n\n\n<p>&#8220;Personas han perdido sus familiares, han perdido la tranquilidad de sus barrios, han perdido sus negocios por eso&#8221;, agreg\u00f3.<\/p>\n\n\n\n<p>La oposici\u00f3n derechista al presidente Gabriel Boric, que lo hostiga a diario por temas migratorios, delincuencia y seguridad p\u00fablica, inmediatamente comenz\u00f3 a capitalizar el punto, capitalizando que la noche del mi\u00e9rcoles, en un barrio de Santiago, fue asesinado un teniente de la polic\u00eda de carabineros, Emanuel S\u00e1nchez Soto (27), cuando de civil y acompa\u00f1ado de su familia, repeli\u00f3 un asalto en progreso. Cuatro ciudadanos venezolanos, tres de los cuales residen aqu\u00ed ilegalmente, fueron detenidos en relaci\u00f3n al hecho, uno de los cuales ten\u00eda orden de expulsi\u00f3n.<\/p>\n\n\n\n<p>A mediados de 2023, Chile y Venezuela acordaron normas para facilitar la expulsi\u00f3n y repatriaci\u00f3n de migrantes ilegales, un acuerdo que no ha sido oficializado por Caracas, dicen oficiales chilenos.<\/p>\n\n\n\n<p>Boric reaccion\u00f3 el jueves anunciando el &#8220;llamado a consultas&#8221; del embajador chileno en Caracas,<\/p>\n\n\n\n<p>&#8220;Las recientes afirmaciones irresponsables del Canciller de Venezuela, que desconocen la existencia del Tren de Aragua, un grupo criminal conocido por sus actividades il\u00edcitas en Chile y en toda la regi\u00f3n de Sudam\u00e9rica, son profundamente preocupantes y constituyen un grave insulto para quienes han sido v\u00edctimas de esta organizaci\u00f3n y para sus familias, y lo tomamos como un insulto tambi\u00e9n a los Estados que han sido v\u00edctimas del Tren de Aragua&#8221;, justific\u00f3.<\/p>\n\n\n\n<p>Y a\u00f1adi\u00f3 que &#8220;no solo demuestra una falta de compromiso con la cooperaci\u00f3n internacional necesaria en materia de seguridad, sino que tambi\u00e9n demuestra una negativa a abordar de manera efectiva los problemas transnacionales del crimen organizado. La negaci\u00f3n no sirve y no es tolerable&#8221;.<\/p>\n\n\n\n<p>En declaraciones hechas en 2023, el Fiscal Regional de Tarapac\u00e1 (en el norte del pa\u00eds, fronterizo con Per\u00fa y Bolivia), Ra\u00fal Arancibia, el Ministerio P\u00fablico identific\u00f3 al menos a 350 miembros del &#8220;Tren de Aragua&#8221; que operan en Chile, de los cuales 123 estaban presos. Seg\u00fan el fiscal, esa agrupaci\u00f3n criminal comete delitos como tr\u00e1fico de migrantes, de drogas y de armas, adem\u00e1s de secuestros, explotaci\u00f3n sexual, extorsi\u00f3n y homicidio.<\/p>\n\n\n\n<p>M\u00e1s all\u00e1 del diferendo diplom\u00e1tico, existen muchas publicaciones internacionales que avalan la existencia del &#8220;Tren de Aragua&#8221;.<\/p>\n\n\n\n<p>En septiembre de 2023, la agencia de noticias AFP public\u00f3 que &#8220;el gobierno de Venezuela confirm\u00f3 este viernes (22) la fuga del m\u00e1ximo l\u00edder de la banda criminal Tren de Aragua, tres d\u00edas despu\u00e9s de que las autoridades tomaran una c\u00e1rcel controlada por este grupo que opera en varios pa\u00edses de Am\u00e9rica Latina&#8221;.<\/p>\n\n\n\n<p>&#8220;Recompensa. Se busca&#8221;, se lee en un cartel divulgado en redes sociales por el Ministerio de Interior y Justicia venezolano, incluyendo fotograf\u00eda, nombre y n\u00famero de c\u00e9dula de identidad de H\u00e9ctor Guerrero, al\u00edas &#8216;El Ni\u00f1o&#8217; Guerrero, quien ser\u00eda el m\u00e1ximo l\u00edder de la organizaci\u00f3n, dijo la AFP.<\/p>\n","protected":false},"excerpt":{"rendered":"<p>Santiago. Los gobiernos de Chile y Venezuela escalaron un diferendo diplom\u00e1tico a prop\u00f3sito de la existencia o no del &#8220;Tren de Aragua&#8221;, una organizaci\u00f3n del crimen organizado supuestamente nacida en la carcel de Tocor\u00f3n, en Caracas, y de la cual hay centenares de miembros presos en las c\u00e1rceles chilenas, seg\u00fan aseguran las autoridades locales. La [&hellip;]<\/p>\n","protected":false},"author":1,"featured_media":8823,"comment_status":"open","ping_status":"open","sticky":false,"template":"","format":"standard","meta":{"content-type":"","footnotes":""},"categories":[7],"tags":[],"class_list":{"0":"post-8822","1":"post","2":"type-post","3":"status-publish","4":"format-standard","5":"has-post-thumbnail","7":"category-internacional"},"_links":{"self":[{"href":"https:\/\/www.regioncuatronoticias.com\/index.php\/wp-json\/wp\/v2\/posts\/8822","targetHints":{"allow":["GET"]}}],"collection":[{"href":"https:\/\/www.regioncuatronoticias.com\/index.php\/wp-json\/wp\/v2\/posts"}],"about":[{"href":"https:\/\/www.regioncuatronoticias.com\/index.php\/wp-json\/wp\/v2\/types\/post"}],"author":[{"embeddable":true,"href":"https:\/\/www.regioncuatronoticias.com\/index.php\/wp-json\/wp\/v2\/users\/1"}],"replies":[{"embeddable":true,"href":"https:\/\/www.regioncuatronoticias.com\/index.php\/wp-json\/wp\/v2\/comments?post=8822"}],"version-history":[{"count":1,"href":"https:\/\/www.regioncuatronoticias.com\/index.php\/wp-json\/wp\/v2\/posts\/8822\/revisions"}],"predecessor-version":[{"id":8824,"href":"https:\/\/www.regioncuatronoticias.com\/index.php\/wp-json\/wp\/v2\/posts\/8822\/revisions\/8824"}],"wp:featuredmedia":[{"embeddable":true,"href":"https:\/\/www.regioncuatronoticias.com\/index.php\/wp-json\/wp\/v2\/media\/8823"}],"wp:attachment":[{"href":"https:\/\/www.regioncuatronoticias.com\/index.php\/wp-json\/wp\/v2\/media?parent=8822"}],"wp:term":[{"taxonomy":"category","embeddable":true,"href":"https:\/\/www.regioncuatronoticias.com\/index.php\/wp-json\/wp\/v2\/categories?post=8822"},{"taxonomy":"post_tag","embeddable":true,"href":"https:\/\/www.regioncuatronoticias.com\/index.php\/wp-json\/wp\/v2\/tags?post=8822"}],"curies":[{"name":"wp","href":"https:\/\/api.w.org\/{rel}","templated":true}]}}