{"id":8816,"date":"2024-04-12T08:28:01","date_gmt":"2024-04-12T15:28:01","guid":{"rendered":"https:\/\/www.regioncuatronoticias.com\/?p=8816"},"modified":"2024-04-12T08:28:02","modified_gmt":"2024-04-12T15:28:02","slug":"no-vale-la-pena-entrar-en-debate-responde-sheinbaum-a-dichos-de-galvez","status":"publish","type":"post","link":"https:\/\/www.regioncuatronoticias.com\/index.php\/2024\/04\/12\/no-vale-la-pena-entrar-en-debate-responde-sheinbaum-a-dichos-de-galvez\/","title":{"rendered":"\u201cNo vale la pena entrar en debate\u201d, responde Sheinbaum a dichos de G\u00e1lvez"},"content":{"rendered":"\n<p>Mexicali, BC. Claudia Sheinbaum, candidata presidencial de la coalici\u00f3n Sigamos Haciendo Historia, rechaz\u00f3 entrar en un debate con X\u00f3chitl G\u00e1lvez, abanderada de la oposici\u00f3n, quien dijo que \u201csi a los 60 a\u00f1os no has podido hacer un patrimonio eres bien g\u00fcey\u201d.<\/p>\n\n\n\n<p>La verdad, dijo, \u201cno vale la pena entrar en un debate cuando ese es el nivel del debate\u201d, afirm\u00f3 en conferencia de prensa.<\/p>\n\n\n\n<p>-\u00bfEse nivel de debate de la candidata de oposici\u00f3n es desesperaci\u00f3n? -se le insisti\u00f3.<\/p>\n\n\n\n<p>-Ya no voy a tocar el tema. Ya hubo debate, v\u00e1monos con las propuestas y ya tocar\u00e1 el tiempo para el pr\u00f3ximo debate -respondi\u00f3 la candidata de Morena, PT y PVEM.<\/p>\n\n\n\n<p>Al preguntarle sobre el rechazo del INE a la propuesta de G\u00e1lvez de aplicar medidas para evitar el uso pol\u00edtico de los programas sociales, Sheinbaum record\u00f3 que quienes ten\u00edan programas clientelares eran el PRI y PAN, los partidos que abanderan a su oponente en la contienda.<\/p>\n\n\n\n<p>\u201cQuieren que el INE haga una campa\u00f1a para decir que los programas sociales se van a quitar; corresponde a cada candidata o partido pol\u00edtico defender sus posiciones\u201d, manifest\u00f3 en conferencia de prensa.<\/p>\n\n\n\n<p>Afirm\u00f3 que \u201clos \u00fanicos que por convicci\u00f3n defendemos los programas y derechos del pueblo somos nosotros\u2019\u2019.<\/p>\n\n\n\n<p>Insisti\u00f3 que en el periodo neoliberal, los programas sociales eran utilizados como condicionantes del voto. Ellos ten\u00edan programas sociales que en realidad eran clientelares, desde Solidaridad y Prospera. En realidad eran mecanismos de control para el voto y ahora lo que construimos son derechos (\u2026) Ellos nunca han estado de acuerdo, el pueblo de M\u00e9xico lo sabe\u2019\u2019, asever\u00f3.<\/p>\n\n\n\n<p>La candidata de Morena, PT y PVEM reconoci\u00f3, en otro tema, el trabajo del cuerpo diplom\u00e1tico mexicano en Ecuador, que protegi\u00f3, dijo, \u201ccon valent\u00eda la soberan\u00eda nacional\u201d, ante el allanamiento de la embajada de M\u00e9xico en Quito.<\/p>\n\n\n\n<p>A pregunta expresa sobre la postura de la senadora Lilly T\u00e9llez, afirm\u00f3: \u201cQuien apruebe la violaci\u00f3n de los tratados internacionales, \u00bfqu\u00e9 nombre tiene? D\u00edganmelo ustedes, o sea, \u00bfc\u00f3mo puede alguien defender la violaci\u00f3n a un tratado internacional y la violaci\u00f3n a nuestra soberan\u00eda? Hoy el presidente Andr\u00e9s Manuel L\u00f3pez Obrador en la ma\u00f1anera dijo que es equiparable a Santa Anna y la venta de nuestro territorio\u201d, resalt\u00f3.<\/p>\n\n\n\n<p>M\u00e1s tarde tuvo un mitin en San Luis R\u00edo Colorado, Sonora.<\/p>\n","protected":false},"excerpt":{"rendered":"<p>Mexicali, BC. Claudia Sheinbaum, candidata presidencial de la coalici\u00f3n Sigamos Haciendo Historia, rechaz\u00f3 entrar en un debate con X\u00f3chitl G\u00e1lvez, abanderada de la oposici\u00f3n, quien dijo que \u201csi a los 60 a\u00f1os no has podido hacer un patrimonio eres bien g\u00fcey\u201d. La verdad, dijo, \u201cno vale la pena entrar en un debate cuando ese es [&hellip;]<\/p>\n","protected":false},"author":1,"featured_media":8817,"comment_status":"open","ping_status":"open","sticky":false,"template":"","format":"standard","meta":{"content-type":"","footnotes":""},"categories":[123],"tags":[],"class_list":{"0":"post-8816","1":"post","2":"type-post","3":"status-publish","4":"format-standard","5":"has-post-thumbnail","7":"category-elecciones2024"},"_links":{"self":[{"href":"https:\/\/www.regioncuatronoticias.com\/index.php\/wp-json\/wp\/v2\/posts\/8816","targetHints":{"allow":["GET"]}}],"collection":[{"href":"https:\/\/www.regioncuatronoticias.com\/index.php\/wp-json\/wp\/v2\/posts"}],"about":[{"href":"https:\/\/www.regioncuatronoticias.com\/index.php\/wp-json\/wp\/v2\/types\/post"}],"author":[{"embeddable":true,"href":"https:\/\/www.regioncuatronoticias.com\/index.php\/wp-json\/wp\/v2\/users\/1"}],"replies":[{"embeddable":true,"href":"https:\/\/www.regioncuatronoticias.com\/index.php\/wp-json\/wp\/v2\/comments?post=8816"}],"version-history":[{"count":1,"href":"https:\/\/www.regioncuatronoticias.com\/index.php\/wp-json\/wp\/v2\/posts\/8816\/revisions"}],"predecessor-version":[{"id":8818,"href":"https:\/\/www.regioncuatronoticias.com\/index.php\/wp-json\/wp\/v2\/posts\/8816\/revisions\/8818"}],"wp:featuredmedia":[{"embeddable":true,"href":"https:\/\/www.regioncuatronoticias.com\/index.php\/wp-json\/wp\/v2\/media\/8817"}],"wp:attachment":[{"href":"https:\/\/www.regioncuatronoticias.com\/index.php\/wp-json\/wp\/v2\/media?parent=8816"}],"wp:term":[{"taxonomy":"category","embeddable":true,"href":"https:\/\/www.regioncuatronoticias.com\/index.php\/wp-json\/wp\/v2\/categories?post=8816"},{"taxonomy":"post_tag","embeddable":true,"href":"https:\/\/www.regioncuatronoticias.com\/index.php\/wp-json\/wp\/v2\/tags?post=8816"}],"curies":[{"name":"wp","href":"https:\/\/api.w.org\/{rel}","templated":true}]}}