{"id":8804,"date":"2024-04-12T08:22:56","date_gmt":"2024-04-12T15:22:56","guid":{"rendered":"https:\/\/www.regioncuatronoticias.com\/?p=8804"},"modified":"2024-04-12T08:22:58","modified_gmt":"2024-04-12T15:22:58","slug":"en-la-corte-internacional-la-demanda","status":"publish","type":"post","link":"https:\/\/www.regioncuatronoticias.com\/index.php\/2024\/04\/12\/en-la-corte-internacional-la-demanda\/","title":{"rendered":"En la Corte Internacional, la demanda"},"content":{"rendered":"\n<p>La Corte Internacional de Justicia (CIJ) de La Haya notific\u00f3 ayer que recibi\u00f3 la demanda interpuesta por M\u00e9xico contra Ecuador por el asalto a la embajada mexicana en Quito.<\/p>\n\n\n\n<p>El principal \u00f3rgano judicial de la Organizaci\u00f3n de las Naciones Unidas (ONU) se\u00f1al\u00f3 en un comunicado que, por mandato de ley, dar\u00e1 prioridad a resolver una serie de medidas provisionales solicitadas por M\u00e9xico antes de emitir una sentencia definitiva.<\/p>\n\n\n\n<p>Entre ellas est\u00e1 que Ecuador disponga protecci\u00f3n para las sedes diplom\u00e1ticas mexicanas en su territorio, sus bienes y sus archivos, que quedaron deshabitadas con la salida del personal diplom\u00e1tico mexicano del pa\u00eds.<\/p>\n\n\n\n<p>M\u00e9xico tambi\u00e9n solicit\u00f3 que el gobierno ecuatoriano permita a las autoridades mexicanas desalojar las instalaciones diplom\u00e1ticas y la residencia privada de los agentes diplom\u00e1ticos, as\u00ed como que garantice que no se realice ninguna acci\u00f3n que pueda perjudicar los derechos de M\u00e9xico respecto de cualquier decisi\u00f3n que la Corte pueda dictar sobre el fondo de la controversia.<\/p>\n\n\n\n<p>Adicionalmente pidi\u00f3 que la Corte pida a Ecuador se abstenga de cualquier acto o conducta que pueda agravar o ampliar el caso.<\/p>\n\n\n\n<p>La CIJ tiene competencia para resolver las controversias jur\u00eddicas que le sometan los estados. Est\u00e1 compuesta por 15 jueces elegidos para un mandato de nueve a\u00f1os por la Asamblea General y el Consejo de Seguridad de las Naciones Unidas, uno de los cuales es el mexicano Juan Manuel G\u00f3mez-Robledo.<\/p>\n","protected":false},"excerpt":{"rendered":"<p>La Corte Internacional de Justicia (CIJ) de La Haya notific\u00f3 ayer que recibi\u00f3 la demanda interpuesta por M\u00e9xico contra Ecuador por el asalto a la embajada mexicana en Quito. El principal \u00f3rgano judicial de la Organizaci\u00f3n de las Naciones Unidas (ONU) se\u00f1al\u00f3 en un comunicado que, por mandato de ley, dar\u00e1 prioridad a resolver una [&hellip;]<\/p>\n","protected":false},"author":1,"featured_media":8805,"comment_status":"open","ping_status":"open","sticky":false,"template":"","format":"standard","meta":{"content-type":"","footnotes":""},"categories":[7],"tags":[],"class_list":{"0":"post-8804","1":"post","2":"type-post","3":"status-publish","4":"format-standard","5":"has-post-thumbnail","7":"category-internacional"},"_links":{"self":[{"href":"https:\/\/www.regioncuatronoticias.com\/index.php\/wp-json\/wp\/v2\/posts\/8804","targetHints":{"allow":["GET"]}}],"collection":[{"href":"https:\/\/www.regioncuatronoticias.com\/index.php\/wp-json\/wp\/v2\/posts"}],"about":[{"href":"https:\/\/www.regioncuatronoticias.com\/index.php\/wp-json\/wp\/v2\/types\/post"}],"author":[{"embeddable":true,"href":"https:\/\/www.regioncuatronoticias.com\/index.php\/wp-json\/wp\/v2\/users\/1"}],"replies":[{"embeddable":true,"href":"https:\/\/www.regioncuatronoticias.com\/index.php\/wp-json\/wp\/v2\/comments?post=8804"}],"version-history":[{"count":1,"href":"https:\/\/www.regioncuatronoticias.com\/index.php\/wp-json\/wp\/v2\/posts\/8804\/revisions"}],"predecessor-version":[{"id":8806,"href":"https:\/\/www.regioncuatronoticias.com\/index.php\/wp-json\/wp\/v2\/posts\/8804\/revisions\/8806"}],"wp:featuredmedia":[{"embeddable":true,"href":"https:\/\/www.regioncuatronoticias.com\/index.php\/wp-json\/wp\/v2\/media\/8805"}],"wp:attachment":[{"href":"https:\/\/www.regioncuatronoticias.com\/index.php\/wp-json\/wp\/v2\/media?parent=8804"}],"wp:term":[{"taxonomy":"category","embeddable":true,"href":"https:\/\/www.regioncuatronoticias.com\/index.php\/wp-json\/wp\/v2\/categories?post=8804"},{"taxonomy":"post_tag","embeddable":true,"href":"https:\/\/www.regioncuatronoticias.com\/index.php\/wp-json\/wp\/v2\/tags?post=8804"}],"curies":[{"name":"wp","href":"https:\/\/api.w.org\/{rel}","templated":true}]}}