{"id":8703,"date":"2024-04-11T07:57:36","date_gmt":"2024-04-11T14:57:36","guid":{"rendered":"https:\/\/www.regioncuatronoticias.com\/?p=8703"},"modified":"2024-04-11T07:57:39","modified_gmt":"2024-04-11T14:57:39","slug":"aprueba-parlamento-europeo-controvertida-reforma-migratoria","status":"publish","type":"post","link":"https:\/\/www.regioncuatronoticias.com\/index.php\/2024\/04\/11\/aprueba-parlamento-europeo-controvertida-reforma-migratoria\/","title":{"rendered":"Aprueba Parlamento Europeo controvertida reforma migratoria"},"content":{"rendered":"\n<p>Bruselas. El Parlamento Europeo aprob\u00f3 este mi\u00e9rcoles una amplia reforma de su pol\u00edtica migratoria, el Pacto de Migraci\u00f3n y Asilo, luego de una delicada negociaci\u00f3n de varios a\u00f1os sobre un tema que provoc\u00f3 evidentes divisiones en el bloque.<\/p>\n\n\n\n<p>La controvertida reforma, que refuerza controles fronterizos y establece un sistema de solidaridad entre los pa\u00edses miembros recibi\u00f3 el apoyo de los tres principales grupos del Parlamento, los Socialistas y Dem\u00f3cratas, el Partido Popular Europeo (PPE, derecha) y los centristas de Renovar Europa.<\/p>\n\n\n\n<p>&#8220;Hicimos historia&#8221;, se congratul\u00f3 en la red X la presidenta del Parlamento Europeo, Roberta Metsola, poco despu\u00e9s del fin de las votaciones.<\/p>\n\n\n\n<p>&#8220;Hemos creado un marco legislativo s\u00f3lido sobre c\u00f3mo abordar la migraci\u00f3n y el asilo en la UE. Han pasado m\u00e1s de diez a\u00f1os en su elaboraci\u00f3n. Pero cumplimos nuestra palabra&#8221;, asegur\u00f3 la legisladora maltesa.<\/p>\n\n\n\n<p>La reforma aprobada este mi\u00e9rcoles representa &#8220;un equilibrio entre solidaridad y responsabilidad&#8221;, indic\u00f3.<\/p>\n\n\n\n<p>Para la presidenta de la Comisi\u00f3n Europea, Ursula von der Leyen, la aprobaci\u00f3n de la reforma de la pol\u00edtica migratoria del bloque es &#8220;un logro enorme para Europa&#8221;. &#8220;Ha sido realmente un d\u00eda hist\u00f3rico&#8221;, dijo.<\/p>\n\n\n\n<p>Por su parte, la comisaria europea de Interior, Ylva Johansson, dijo que con la reforma la UE &#8220;podr\u00e1 defender mejor nuestras fronteras exteriores&#8221;.<\/p>\n\n\n\n<p>Tambi\u00e9n, se\u00f1al\u00f3, podr\u00e1 defender &#8220;a los vulnerables y a los refugiados, devolver r\u00e1pidamente a aquellos que no son elegibles para quedarse&#8221; y al mismo tiempo implementar una &#8220;solidaridad obligatoria&#8221; entre los Estados del bloque.<\/p>\n","protected":false},"excerpt":{"rendered":"<p>Bruselas. El Parlamento Europeo aprob\u00f3 este mi\u00e9rcoles una amplia reforma de su pol\u00edtica migratoria, el Pacto de Migraci\u00f3n y Asilo, luego de una delicada negociaci\u00f3n de varios a\u00f1os sobre un tema que provoc\u00f3 evidentes divisiones en el bloque. La controvertida reforma, que refuerza controles fronterizos y establece un sistema de solidaridad entre los pa\u00edses miembros [&hellip;]<\/p>\n","protected":false},"author":1,"featured_media":8704,"comment_status":"open","ping_status":"open","sticky":false,"template":"","format":"standard","meta":{"content-type":"","footnotes":""},"categories":[7],"tags":[],"class_list":{"0":"post-8703","1":"post","2":"type-post","3":"status-publish","4":"format-standard","5":"has-post-thumbnail","7":"category-internacional"},"_links":{"self":[{"href":"https:\/\/www.regioncuatronoticias.com\/index.php\/wp-json\/wp\/v2\/posts\/8703","targetHints":{"allow":["GET"]}}],"collection":[{"href":"https:\/\/www.regioncuatronoticias.com\/index.php\/wp-json\/wp\/v2\/posts"}],"about":[{"href":"https:\/\/www.regioncuatronoticias.com\/index.php\/wp-json\/wp\/v2\/types\/post"}],"author":[{"embeddable":true,"href":"https:\/\/www.regioncuatronoticias.com\/index.php\/wp-json\/wp\/v2\/users\/1"}],"replies":[{"embeddable":true,"href":"https:\/\/www.regioncuatronoticias.com\/index.php\/wp-json\/wp\/v2\/comments?post=8703"}],"version-history":[{"count":1,"href":"https:\/\/www.regioncuatronoticias.com\/index.php\/wp-json\/wp\/v2\/posts\/8703\/revisions"}],"predecessor-version":[{"id":8705,"href":"https:\/\/www.regioncuatronoticias.com\/index.php\/wp-json\/wp\/v2\/posts\/8703\/revisions\/8705"}],"wp:featuredmedia":[{"embeddable":true,"href":"https:\/\/www.regioncuatronoticias.com\/index.php\/wp-json\/wp\/v2\/media\/8704"}],"wp:attachment":[{"href":"https:\/\/www.regioncuatronoticias.com\/index.php\/wp-json\/wp\/v2\/media?parent=8703"}],"wp:term":[{"taxonomy":"category","embeddable":true,"href":"https:\/\/www.regioncuatronoticias.com\/index.php\/wp-json\/wp\/v2\/categories?post=8703"},{"taxonomy":"post_tag","embeddable":true,"href":"https:\/\/www.regioncuatronoticias.com\/index.php\/wp-json\/wp\/v2\/tags?post=8703"}],"curies":[{"name":"wp","href":"https:\/\/api.w.org\/{rel}","templated":true}]}}