{"id":8684,"date":"2024-04-11T07:52:00","date_gmt":"2024-04-11T14:52:00","guid":{"rendered":"https:\/\/www.regioncuatronoticias.com\/?p=8684"},"modified":"2024-04-11T07:52:03","modified_gmt":"2024-04-11T14:52:03","slug":"en-chinameca-firma-sheinbaum-acuerdo-por-la-soberania-alimentaria","status":"publish","type":"post","link":"https:\/\/www.regioncuatronoticias.com\/index.php\/2024\/04\/11\/en-chinameca-firma-sheinbaum-acuerdo-por-la-soberania-alimentaria\/","title":{"rendered":"En Chinameca, firma Sheinbaum acuerdo por la soberan\u00eda alimentaria"},"content":{"rendered":"\n<p><em>Chinameca, Mor.<\/em>&nbsp;En el 105 aniversario luctuoso de Emiliano Zapata, Claudia Sheinbaum, candidata presidencial de la coalici\u00f3n Sigamos haciendo historia firm\u00f3 el acuerdo por la soberan\u00eda alimentaria con organizaciones campesinas, para profundizar la transformaci\u00f3n en el campo, combatir la pobreza extrema y continuar con los programas para el sector, puesto en marcha en el actual gobierno.<\/p>\n\n\n\n<p>La candidata de Morena, PT y PVEM se comprometi\u00f3 a modificar la Ley de Aguas Nacionales para que \u201cya no est\u00e9 privatizada el agua, a no permitir el ma\u00edz transg\u00e9nico y hacer una transici\u00f3n agroecol\u00f3gica. \u201cEs dif\u00edcil, no es sencilla. Ya vimos que la sustituci\u00f3n del glifosato no es tan sencilla, pero tenemos que caminar hacia all\u00e1, por la protecci\u00f3n de las mexicanos, de nuestros suelos y de nuestras aguas\u201d, sostuvo. Plante\u00f3 colaboraci\u00f3n entre conocimiento tradicional, ciencia y tecnolog\u00eda.<\/p>\n\n\n\n<p>Mi compromiso con ustedes, dijo a campesinos y organizaciones rurales, ind\u00edgenas y afromexicanas que atiborraron el campo de F\u00fatbol de Chinameca, es continuar trabajando para \u201cseguir haciendo un M\u00e9xico en donde la soberan\u00eda alimentaria tome en cuenta, fundamentalmente, a los campesinos y a las campesinas\u201d.<\/p>\n\n\n\n<p>Asegur\u00f3 que en su gobierno \u201cno van a regresar la corrupci\u00f3n, los privilegios, el neoliberalismo. Vamos a seguir caminando con el humanismo mexicano, seguir transformando M\u00e9xico con justicia, m\u00e1s democracia y por el bien de todos, primero los pobres. Eso no va a cambiar\u201d.<\/p>\n\n\n\n<p>A esta acto acudieron nietos y bisnietos de Emiliano Zapata. Sheinbaum llam\u00f3 a seguir luchando por la justicia en el pa\u00eds; \u201cnunca hay que cansarnos por el apoyo a los humildes, a los que menos tienen y, sobre todo, a los campesinos\u201d.<\/p>\n\n\n\n<p>Dijo que el pueblo de M\u00e9xico acompa\u00f1a a la Cuarta Transformaci\u00f3n, que \u201cha cambiado la vida de millones de mexicanos, a trav\u00e9s de una visi\u00f3n distinta, que no es copia de ning\u00fan modelo en otros pa\u00edses del mundo. Surgi\u00f3 de nuestra historia y de un pensamiento del presidente L\u00f3pez Obrador, que tiene que ver con darle la mano al que se qued\u00f3 atr\u00e1s; en el amor al pr\u00f3jimo, en olvidar esa forma que mir\u00f3 durante 36 a\u00f1os a los gobernantes, en donde el dinero lo era todo\u201d.<\/p>\n\n\n\n<p>Entre sus compromisos, resalt\u00f3 la reforma constitucional para reconocer a los pueblos ind\u00edgenas como sujetos de derecho, sus autonom\u00edas, el reconocimiento de la tierra, del agua, de la cultura.<\/p>\n\n\n\n<p>Tambi\u00e9n plante\u00f3 \u201cdarle forma en la Constituci\u00f3n a los programas que inici\u00f3 el presidente. Es decir, es decir, van a continuar los programas Sembrando Vida, Producci\u00f3n para el Bienestar, Bienpesca\u201d, as\u00ed como la entrega de fertilizantes gratuitos en distintas zonas del pa\u00eds, los precios de garant\u00eda\u201d.<\/p>\n\n\n\n<p>Indic\u00f3 que \u201ca\u00fan no hemos podido cambiar el esquema de comercializaci\u00f3n de los productos agr\u00edcolas, se ha avanzado, pero necesitamos que llegue directo el producto al mercado, sin necesidad de que haya tantos intermediarios que se quedan con una buena parte de la ganancia. As\u00ed que vamos a trabajar para que haya una relaci\u00f3n mucho m\u00e1s directa entre los productores y los mercados para que tenga mayor aprovechamiento y mayores ganancias\u201d.<\/p>\n\n\n\n<p>Se comprometi\u00f3 a seguir trabajando sobre el financiamiento al campo para peque\u00f1os productores, ejidos y comunidades.<\/p>\n\n\n\n<p>Ante cinco a\u00f1os de sequ\u00eda, plante\u00f3 cambiar la Ley Nacional de Aguas para que \u201cya no est\u00e9 privatizada el agua. No vamos a generar imposiciones, hay que hacerlo con mesas de trabajo con los distritos de riego, con quien tiene hoy la concesi\u00f3n del agua, pero tiene que haber una distribuci\u00f3n equitativa. Adem\u00e1s, si queremos tecnificar el campo, tiene que haber una redistribuci\u00f3n del agua, que hoy est\u00e1 concentrada en algunos cuantos distritos\u201d.<\/p>\n\n\n\n<p>Hablo tambi\u00e9n de protecci\u00f3n de la biodiversidad, lo que incluye \u201cquitar talas clandestinas\u201d y asever\u00f3 que es tiempo de reconocer a las mujeres en el campo como \u201cpropietarias, como ejidatarias, como comuneras, vamos a apoyarlas tambi\u00e9n como jornaleras\u201d.<\/p>\n\n\n\n<p>Subray\u00f3 que \u201cno va a entrar el ma\u00edz transg\u00e9nico a nuestro pa\u00eds\u2026 tenemos que seguir conservando nuestras variedades del ma\u00edz\u201d.<\/p>\n\n\n\n<p>Vengo a comprometerme \u201ccon ustedes, con su lucha, con la historia, con tantos compa\u00f1eros que dejaron esta vida por luchar por la tierra, desde Emiliano Zapata hasta muchos otros en el camino. Que sigamos con justicia agraria, trabajando para hacer de M\u00e9xico un pa\u00eds en donde no haya pobreza, no haya desigualdades.<\/p>\n\n\n\n<p>\u201cUn pa\u00eds donde se tome en cuenta siempre al m\u00e1s humilde y un gobierno que mire siempre por su pueblo, que no se olvide\u201d.<\/p>\n","protected":false},"excerpt":{"rendered":"<p>Chinameca, Mor.&nbsp;En el 105 aniversario luctuoso de Emiliano Zapata, Claudia Sheinbaum, candidata presidencial de la coalici\u00f3n Sigamos haciendo historia firm\u00f3 el acuerdo por la soberan\u00eda alimentaria con organizaciones campesinas, para profundizar la transformaci\u00f3n en el campo, combatir la pobreza extrema y continuar con los programas para el sector, puesto en marcha en el actual gobierno. [&hellip;]<\/p>\n","protected":false},"author":1,"featured_media":8685,"comment_status":"open","ping_status":"open","sticky":false,"template":"","format":"standard","meta":{"content-type":"","footnotes":""},"categories":[123],"tags":[],"class_list":{"0":"post-8684","1":"post","2":"type-post","3":"status-publish","4":"format-standard","5":"has-post-thumbnail","7":"category-elecciones2024"},"_links":{"self":[{"href":"https:\/\/www.regioncuatronoticias.com\/index.php\/wp-json\/wp\/v2\/posts\/8684","targetHints":{"allow":["GET"]}}],"collection":[{"href":"https:\/\/www.regioncuatronoticias.com\/index.php\/wp-json\/wp\/v2\/posts"}],"about":[{"href":"https:\/\/www.regioncuatronoticias.com\/index.php\/wp-json\/wp\/v2\/types\/post"}],"author":[{"embeddable":true,"href":"https:\/\/www.regioncuatronoticias.com\/index.php\/wp-json\/wp\/v2\/users\/1"}],"replies":[{"embeddable":true,"href":"https:\/\/www.regioncuatronoticias.com\/index.php\/wp-json\/wp\/v2\/comments?post=8684"}],"version-history":[{"count":1,"href":"https:\/\/www.regioncuatronoticias.com\/index.php\/wp-json\/wp\/v2\/posts\/8684\/revisions"}],"predecessor-version":[{"id":8686,"href":"https:\/\/www.regioncuatronoticias.com\/index.php\/wp-json\/wp\/v2\/posts\/8684\/revisions\/8686"}],"wp:featuredmedia":[{"embeddable":true,"href":"https:\/\/www.regioncuatronoticias.com\/index.php\/wp-json\/wp\/v2\/media\/8685"}],"wp:attachment":[{"href":"https:\/\/www.regioncuatronoticias.com\/index.php\/wp-json\/wp\/v2\/media?parent=8684"}],"wp:term":[{"taxonomy":"category","embeddable":true,"href":"https:\/\/www.regioncuatronoticias.com\/index.php\/wp-json\/wp\/v2\/categories?post=8684"},{"taxonomy":"post_tag","embeddable":true,"href":"https:\/\/www.regioncuatronoticias.com\/index.php\/wp-json\/wp\/v2\/tags?post=8684"}],"curies":[{"name":"wp","href":"https:\/\/api.w.org\/{rel}","templated":true}]}}