{"id":8652,"date":"2024-04-10T22:41:52","date_gmt":"2024-04-11T05:41:52","guid":{"rendered":"https:\/\/www.regioncuatronoticias.com\/?p=8652"},"modified":"2024-04-10T22:41:55","modified_gmt":"2024-04-11T05:41:55","slug":"ministra-del-interior-de-ecuador-tambien-es-mexicana-denuncia-persecucion-tras-asalto-en-embajada","status":"publish","type":"post","link":"https:\/\/www.regioncuatronoticias.com\/index.php\/2024\/04\/10\/ministra-del-interior-de-ecuador-tambien-es-mexicana-denuncia-persecucion-tras-asalto-en-embajada\/","title":{"rendered":"Ministra del Interior de Ecuador tambi\u00e9n es mexicana; denuncia &#8220;persecuci\u00f3n&#8221; tras asalto en embajada"},"content":{"rendered":"\n<p><strong>Durante una comparecencia, la funcionaria se refiri\u00f3 a la solicitud de juicio pol\u00edtico presentada en el Parlamento en su contra<\/strong><\/p>\n\n\n\n<p>Informaci\u00f3n de El Universal<\/p>\n\n\n\n<p>Quito, Ecuador; abril 10.- La ministra de Interior y Gobierno de Ecuador, M\u00f3nica Palencia, manifest\u00f3 este mi\u00e9rcoles su orgullo por tener las nacionalidades mexicana y ecuatoriana y denunci\u00f3 una &#8220;persecuci\u00f3n&#8221; contra ella tras el asalto a la Embajada de M\u00e9xico en Quito para detener a Jorge Glas, exvicepresidente de Rafael Correa.<\/p>\n\n\n\n<p>Durante una comparecencia en la Comisi\u00f3n de Asuntos Internacionales del Legislativo, Palencia se refiri\u00f3 as\u00ed a la solicitud de juicio pol\u00edtico presentada en el Parlamento por el corre\u00edsmo contra ella, as\u00ed como contra la ministra de Relaciones Exteriores, Gabriela Sommerfeld, y el ministro de Defensa, Gian Carlos Loffredo, por la invasi\u00f3n a la sede diplom\u00e1tica mexicana.<\/p>\n\n\n\n<p>En su intervenci\u00f3n, Palencia, nacionalizada ecuatoriana el mismo d\u00eda en que asumi\u00f3 el cargo, se declar\u00f3 &#8220;orgullosamente mexicana y orgullosamente ecuatoriana&#8221;.<\/p>\n\n\n\n<p>&#8220;Esa, mi doble nacionalidad, y adem\u00e1s, mi responsabilidad hist\u00f3rica como ministra de Gobierno y ministra del Interior encargada, ha estado presente en todos y cada uno de mis pensamientos, an\u00e1lisis, reflexiones, decisiones y acciones&#8221;, dijo.<\/p>\n\n\n\n<p>Antes de informar sobre las acciones en torno al caso Glas, apunt\u00f3 que se referir\u00eda a los hechos &#8220;sin valorarlos, interpretarlos o calificarlos de forma alguna, bajo el entendido de que estoy ya siendo v\u00edctima de una persecuci\u00f3n y se ha presentado, incluso antes de escucharme, (con la) solicitud de juicio pol\u00edtico&#8221;.<\/p>\n\n\n\n<p>Llegada a Ecuador por primera vez en 1986, Palencia asever\u00f3 que no permitir\u00e1 que se &#8220;ensucie&#8221; su nombre.<\/p>\n\n\n\n<p>&#8220;No admito ni voy a admitir jam\u00e1s que se pretende ensuciar mi nombre por delincuentes que han hecho tanto da\u00f1o a los ecuatorianos, a los mexicanos y a Latinoam\u00e9rica, tild\u00e1ndome de traidora a la patria y haciendo g\u00e1rgaras con la palabra nacionalidad&#8221;, sostuvo.<\/p>\n\n\n\n<p>En tono en\u00e9rgico, recalc\u00f3 que no permitir\u00e1 que se cuestionen sus actuaciones &#8220;al estar trabajando en la lucha transnacional contra la delincuencia, el crimen organizado, el terrorismo y otras actividades il\u00edcitas que han destruido y contin\u00faan destruyendo nuestras sociedades&#8221;.<\/p>\n\n\n\n<p><strong>Crisis M\u00e9xico-Ecuador: llamado a la concordia<\/strong><\/p>\n\n\n\n<p>Palencia formul\u00f3 un llamado a la concordia tras el &#8220;impasse&#8221; entre Ecuador y M\u00e9xico que comenz\u00f3 con una declaraciones del presidente mexicano Andr\u00e9s Manuel L\u00f3pez Obrador sobre las \u00faltimas elecciones en el pa\u00eds andino, y que estall\u00f3 por el asalto policial a la Embajada para detener a Glas.<\/p>\n\n\n\n<p>Ecuador &#8220;es un pa\u00eds de paz, respetuoso de su normativa, y M\u00e9xico tambi\u00e9n tiene una larga tradici\u00f3n de respeto a la normativa&#8221;, dijo Palencia al t\u00e9rmino de una comparecencia donde tambi\u00e9n acudieron Sommerfeld y Loffredo.<\/p>\n\n\n\n<p>Palencia expres\u00f3 su esperanza de que &#8220;Ecuador salga adelante de toda crisis, pero tambi\u00e9n ojal\u00e1 que M\u00e9xico salga adelante y podamos trascender como pueblos hermanos esta coyuntura&#8221;.<\/p>\n\n\n\n<p>Solo Palencia pudo intervenir en la sesi\u00f3n de la comisi\u00f3n parlamentaria, pues se suspendi\u00f3 la sesi\u00f3n ante la negativa de legisladores ajenos a la comisi\u00f3n de abandonarla tras ser declarada reservada por la sensibilidad de la informaci\u00f3n.<\/p>\n\n\n\n<p><strong>Ecuador como centro de seguridad de Latinoam\u00e9rica<\/strong><\/p>\n\n\n\n<p>Palencia que recibi\u00f3 la nacionalidad ecuatoriana el pasado 23 de noviembre (cuando comenz\u00f3 el actual Gobierno), apunt\u00f3 que tiene &#8220;lealtad&#8221; al Gobierno del presidente Daniel Noboa, con quien ha tenido discrepancias, pero con quien comparte &#8220;la decisi\u00f3n de hacer del Ecuador un centro latinoamericano de seguridad&#8221;.<\/p>\n\n\n\n<p>Palencia record\u00f3 que Glas entr\u00f3 en la Embajada de M\u00e9xico el 17 de diciembre de 2023 y la delegaci\u00f3n diplom\u00e1tica inform\u00f3 de que le permiti\u00f3 el ingreso &#8220;en calidad de hu\u00e9sped&#8221;.<\/p>\n\n\n\n<p>Recapitul\u00f3 una reuni\u00f3n que mantuvo con la embajadora mexicana Raquel Serur, declarada persona &#8220;non grata&#8221; tras las declaraciones de su presidente en las que relacionaba el asesinato del candidato presidencial Fernando Villavicencio con el triunfo electoral de Noboa frente a la candidata corre\u00edsta Luisa Gonz\u00e1lez.<\/p>\n\n\n\n<p>Seg\u00fan Palencia, Serur le pidi\u00f3 informaci\u00f3n sobre la situaci\u00f3n jur\u00eddico-penal de Glas, contra quien se emiti\u00f3 una orden de captura en enero pasado por el caso de la reconstrucci\u00f3n tras el terremoto de 2016, donde est\u00e1 imputado por presunto peculado.<\/p>\n\n\n\n<p>Asimismo, record\u00f3 que recibieron una negativa a la solicitud de la Canciller\u00eda a la Embajada de M\u00e9xico para la entrega de Glas o que se permita el ingreso con fines de detenci\u00f3n del ex vicepresidente, que ocup\u00f3 el cargo tanto con Correa como a inicios del Gobierno de Lenin Moreno (2017-2021).<\/p>\n","protected":false},"excerpt":{"rendered":"<p>Durante una comparecencia, la funcionaria se refiri\u00f3 a la solicitud de juicio pol\u00edtico presentada en el Parlamento en su contra Informaci\u00f3n de El Universal Quito, Ecuador; abril 10.- La ministra de Interior y Gobierno de Ecuador, M\u00f3nica Palencia, manifest\u00f3 este mi\u00e9rcoles su orgullo por tener las nacionalidades mexicana y ecuatoriana y denunci\u00f3 una &#8220;persecuci\u00f3n&#8221; contra [&hellip;]<\/p>\n","protected":false},"author":1,"featured_media":8653,"comment_status":"open","ping_status":"open","sticky":false,"template":"","format":"standard","meta":{"content-type":"","footnotes":""},"categories":[7,115,105],"tags":[],"class_list":{"0":"post-8652","1":"post","2":"type-post","3":"status-publish","4":"format-standard","5":"has-post-thumbnail","7":"category-internacional","8":"category-politica","9":"category-principal"},"_links":{"self":[{"href":"https:\/\/www.regioncuatronoticias.com\/index.php\/wp-json\/wp\/v2\/posts\/8652","targetHints":{"allow":["GET"]}}],"collection":[{"href":"https:\/\/www.regioncuatronoticias.com\/index.php\/wp-json\/wp\/v2\/posts"}],"about":[{"href":"https:\/\/www.regioncuatronoticias.com\/index.php\/wp-json\/wp\/v2\/types\/post"}],"author":[{"embeddable":true,"href":"https:\/\/www.regioncuatronoticias.com\/index.php\/wp-json\/wp\/v2\/users\/1"}],"replies":[{"embeddable":true,"href":"https:\/\/www.regioncuatronoticias.com\/index.php\/wp-json\/wp\/v2\/comments?post=8652"}],"version-history":[{"count":1,"href":"https:\/\/www.regioncuatronoticias.com\/index.php\/wp-json\/wp\/v2\/posts\/8652\/revisions"}],"predecessor-version":[{"id":8654,"href":"https:\/\/www.regioncuatronoticias.com\/index.php\/wp-json\/wp\/v2\/posts\/8652\/revisions\/8654"}],"wp:featuredmedia":[{"embeddable":true,"href":"https:\/\/www.regioncuatronoticias.com\/index.php\/wp-json\/wp\/v2\/media\/8653"}],"wp:attachment":[{"href":"https:\/\/www.regioncuatronoticias.com\/index.php\/wp-json\/wp\/v2\/media?parent=8652"}],"wp:term":[{"taxonomy":"category","embeddable":true,"href":"https:\/\/www.regioncuatronoticias.com\/index.php\/wp-json\/wp\/v2\/categories?post=8652"},{"taxonomy":"post_tag","embeddable":true,"href":"https:\/\/www.regioncuatronoticias.com\/index.php\/wp-json\/wp\/v2\/tags?post=8652"}],"curies":[{"name":"wp","href":"https:\/\/api.w.org\/{rel}","templated":true}]}}