{"id":8591,"date":"2024-04-10T10:31:49","date_gmt":"2024-04-10T17:31:49","guid":{"rendered":"https:\/\/www.regioncuatronoticias.com\/?p=8591"},"modified":"2024-04-10T10:31:52","modified_gmt":"2024-04-10T17:31:52","slug":"amlo-se-dara-proteccion-federal-a-magistrados-y-trabajadores-del-tepjf","status":"publish","type":"post","link":"https:\/\/www.regioncuatronoticias.com\/index.php\/2024\/04\/10\/amlo-se-dara-proteccion-federal-a-magistrados-y-trabajadores-del-tepjf\/","title":{"rendered":"AMLO: se dar\u00e1 protecci\u00f3n federal a magistrados y trabajadores del TEPJF"},"content":{"rendered":"\n<p>El gobierno federal brindar\u00e1 protecci\u00f3n a los magistrados del Tribunal Electoral del Poder Judicial de la Federaci\u00f3n (TEPJF) y a los trabajadores que lo soliciten, luego de que un empleado del organismo fue asesinado a balazos anoche.<\/p>\n\n\n\n<p>El presidente Andr\u00e9s Manuel L\u00f3pez Obrador inform\u00f3 este mi\u00e9rcoles en su conferencia de prensa diaria que un centenar de trabajadores del TEPJF, incluyendo a los magistrados, han solicitado protecci\u00f3n a las autoridades federales.<\/p>\n\n\n\n<p>Cuestionado sobre si los magistrados han recibido amenazas, L\u00f3pez Obrador dijo que no lo han comunicado as\u00ed, sin embargo.<\/p>\n\n\n\n<p>Tras se\u00f1alar que se est\u00e1 investigado el asesinato, del cual report\u00f3 que a\u00fan se desconocen las causas, el tabasque\u00f1o dijo que \u201clos magistrados le solicitaron a la secretaria de Gobernaci\u00f3n, Luis Mar\u00eda Alcalde, que se investigara este asunto y tambi\u00e9n que fueran ellos considerados para contar con protecc\u00edon\u201d.<\/p>\n\n\n\n<p>L\u00f3pez Obrador afirm\u00f3 que la Secretar\u00eda de Seguridad y Protecci\u00f3n Ciudadana dar\u00e1 la protecci\u00f3n correspondiente. \u201cS\u00ed, adem\u00e1s nosotros tomamos la decisi\u00f3n de dar protecci\u00f3n a todo el que lo solicite, adem\u00e1s es nuestra obligaci\u00f3n, nuestra responsabilidad\u201d.<\/p>\n\n\n\n<p>El conductor del director de comunicaci\u00f3n social del TEPJF, Eduardo del R\u00edo, fue asesinado la noche del lunes, por disparos de arma de fuego.<\/p>\n\n\n\n<p>De acuerdo con las primeras versiones, las personas que viajaban en tres motocicletas dispararon contra el veh\u00edculo oficial que estaba estacionado en calles del Pueblo de Santa Cruz Xochitepec, en Xochimilco.<\/p>\n","protected":false},"excerpt":{"rendered":"<p>El gobierno federal brindar\u00e1 protecci\u00f3n a los magistrados del Tribunal Electoral del Poder Judicial de la Federaci\u00f3n (TEPJF) y a los trabajadores que lo soliciten, luego de que un empleado del organismo fue asesinado a balazos anoche. El presidente Andr\u00e9s Manuel L\u00f3pez Obrador inform\u00f3 este mi\u00e9rcoles en su conferencia de prensa diaria que un centenar [&hellip;]<\/p>\n","protected":false},"author":1,"featured_media":8592,"comment_status":"open","ping_status":"open","sticky":false,"template":"","format":"standard","meta":{"content-type":"","footnotes":""},"categories":[3],"tags":[],"class_list":{"0":"post-8591","1":"post","2":"type-post","3":"status-publish","4":"format-standard","5":"has-post-thumbnail","7":"category-mexico"},"_links":{"self":[{"href":"https:\/\/www.regioncuatronoticias.com\/index.php\/wp-json\/wp\/v2\/posts\/8591","targetHints":{"allow":["GET"]}}],"collection":[{"href":"https:\/\/www.regioncuatronoticias.com\/index.php\/wp-json\/wp\/v2\/posts"}],"about":[{"href":"https:\/\/www.regioncuatronoticias.com\/index.php\/wp-json\/wp\/v2\/types\/post"}],"author":[{"embeddable":true,"href":"https:\/\/www.regioncuatronoticias.com\/index.php\/wp-json\/wp\/v2\/users\/1"}],"replies":[{"embeddable":true,"href":"https:\/\/www.regioncuatronoticias.com\/index.php\/wp-json\/wp\/v2\/comments?post=8591"}],"version-history":[{"count":1,"href":"https:\/\/www.regioncuatronoticias.com\/index.php\/wp-json\/wp\/v2\/posts\/8591\/revisions"}],"predecessor-version":[{"id":8593,"href":"https:\/\/www.regioncuatronoticias.com\/index.php\/wp-json\/wp\/v2\/posts\/8591\/revisions\/8593"}],"wp:featuredmedia":[{"embeddable":true,"href":"https:\/\/www.regioncuatronoticias.com\/index.php\/wp-json\/wp\/v2\/media\/8592"}],"wp:attachment":[{"href":"https:\/\/www.regioncuatronoticias.com\/index.php\/wp-json\/wp\/v2\/media?parent=8591"}],"wp:term":[{"taxonomy":"category","embeddable":true,"href":"https:\/\/www.regioncuatronoticias.com\/index.php\/wp-json\/wp\/v2\/categories?post=8591"},{"taxonomy":"post_tag","embeddable":true,"href":"https:\/\/www.regioncuatronoticias.com\/index.php\/wp-json\/wp\/v2\/tags?post=8591"}],"curies":[{"name":"wp","href":"https:\/\/api.w.org\/{rel}","templated":true}]}}