{"id":8530,"date":"2024-04-09T09:10:01","date_gmt":"2024-04-09T16:10:01","guid":{"rendered":"https:\/\/www.regioncuatronoticias.com\/?p=8530"},"modified":"2024-04-09T09:10:03","modified_gmt":"2024-04-09T16:10:03","slug":"en-mi-gobierno-las-embajadas-no-seran-cuevas-de-delincuentes-xochitl-galvez","status":"publish","type":"post","link":"https:\/\/www.regioncuatronoticias.com\/index.php\/2024\/04\/09\/en-mi-gobierno-las-embajadas-no-seran-cuevas-de-delincuentes-xochitl-galvez\/","title":{"rendered":"En mi gobierno, las embajadas no ser\u00e1n cuevas de delincuentes: X\u00f3chitl G\u00e1lvez"},"content":{"rendered":"\n<p>Al sostener un encuentro con la comunidad de la Universidad Iberoamericana, la candidata a la Presidencia de la Rep\u00fablica del PAN, PRI y PRD, X\u00f3chitl G\u00e1lvez Ruiz, afirm\u00f3 que la pol\u00edtica exterior de su proyecto contempla no relacionarse con gobiernos autoritarios que violan derechos humanos.<\/p>\n\n\n\n<p>En relaci\u00f3n a la irrupci\u00f3n de las fuerzas policiacas en la embajada de M\u00e9xico en Quito, conden\u00f3 el hecho, pero tambi\u00e9n advirti\u00f3 que nuestras representaciones diplom\u00e1ticas no pueden ser utilizadas para refugiar a delincuentes.<\/p>\n\n\n\n<p>\u201cCondeno lo que pas\u00f3 en Ecuador, m\u00e1s all\u00e1 de los dimes y diretes que hubo previamente. A lo mejor no comparto la manera. Las embajadas en mi gobierno no van a ser cuevas de delincuentes. Yo no le dar\u00eda asilo a alguien que est\u00e1 acusado en el caso Odebrecht, por ejemplo. Yo, como presidenta, (pido) que se someta a la justicia de su pa\u00eds\u201d, puntualiz\u00f3.<br>Play Video<\/p>\n\n\n\n<p>Explic\u00f3 que para fortalecer el Servicio Exterior Mexicano lo primero que har\u00e1 es dejar de poner a \u201ccuates\u201d como embajadores. \u201cHay embajadores que son de verdad verg\u00fcenza, que no tienen ni las habilidades ni las capacidades\u201d, critic\u00f3.<\/p>\n\n\n\n<p>Dijo que m\u00e1s all\u00e1 de la decisi\u00f3n que tom\u00f3 M\u00e9xico de otorgar asilo al ex vicepresidente de Ecuador, \u201ces lamentable la violaci\u00f3n a nuestra embajada y todos los mexicanos, independientemente del color que representamos, lo debemos de condenar\u201d.<\/p>\n\n\n\n<p>Ante estudiantes, profesores, egresados y personal administrativo de esa casa de estudios, X\u00f3chitl G\u00e1lvez lament\u00f3 la persecuci\u00f3n que viven los Jesuitas en Nicaragua y denunci\u00f3 las condiciones de autoritarismo que se viven en Cuba y Venezuela.<\/p>\n\n\n\n<p>En otro tema, coment\u00f3 que uno de sus planes para fortalecer el sistema p\u00fablico educativo es entregar una Beca Universal, desde preescolar hasta preparatoria, para que todos los ni\u00f1os, adolescentes y j\u00f3venes mexicanos puedan estudiar en escuelas p\u00fablicas o privadas.<\/p>\n\n\n\n<p>Agreg\u00f3 que tambi\u00e9n proyecta un esquema para j\u00f3venes que viven en zonas marginadas y quieran ingresar a una universidad.<\/p>\n\n\n\n<p>En su mensaje habl\u00f3 de programas para entregar a j\u00f3venes una tarjeta de datos y puedan tener internet gratis; apoyarlos para que compren una vivienda, y otorgar cr\u00e9ditos y est\u00edmulos fiscales a emprendedores.<\/p>\n\n\n\n<p>As\u00ed como de la implementaci\u00f3n de la beca SiSi, s\u00ed estudi\u00f3 y s\u00ed trabajo, donde a los beneficiarios adem\u00e1s se les ense\u00f1ar\u00e1 rob\u00f3tica, inteligencia artificial, habilidades y competencias laborales.<\/p>\n\n\n\n<p>G\u00e1lvez Ruiz invit\u00f3 a los asistentes a salir a votar este pr\u00f3ximo 2 de junio para que en M\u00e9xico se terminen los abrazos a los delincuentes y se aplique la ley a quienes da\u00f1an al pa\u00eds.<\/p>\n","protected":false},"excerpt":{"rendered":"<p>Al sostener un encuentro con la comunidad de la Universidad Iberoamericana, la candidata a la Presidencia de la Rep\u00fablica del PAN, PRI y PRD, X\u00f3chitl G\u00e1lvez Ruiz, afirm\u00f3 que la pol\u00edtica exterior de su proyecto contempla no relacionarse con gobiernos autoritarios que violan derechos humanos. En relaci\u00f3n a la irrupci\u00f3n de las fuerzas policiacas en [&hellip;]<\/p>\n","protected":false},"author":1,"featured_media":8531,"comment_status":"open","ping_status":"open","sticky":false,"template":"","format":"standard","meta":{"content-type":"","footnotes":""},"categories":[123],"tags":[],"class_list":{"0":"post-8530","1":"post","2":"type-post","3":"status-publish","4":"format-standard","5":"has-post-thumbnail","7":"category-elecciones2024"},"_links":{"self":[{"href":"https:\/\/www.regioncuatronoticias.com\/index.php\/wp-json\/wp\/v2\/posts\/8530","targetHints":{"allow":["GET"]}}],"collection":[{"href":"https:\/\/www.regioncuatronoticias.com\/index.php\/wp-json\/wp\/v2\/posts"}],"about":[{"href":"https:\/\/www.regioncuatronoticias.com\/index.php\/wp-json\/wp\/v2\/types\/post"}],"author":[{"embeddable":true,"href":"https:\/\/www.regioncuatronoticias.com\/index.php\/wp-json\/wp\/v2\/users\/1"}],"replies":[{"embeddable":true,"href":"https:\/\/www.regioncuatronoticias.com\/index.php\/wp-json\/wp\/v2\/comments?post=8530"}],"version-history":[{"count":1,"href":"https:\/\/www.regioncuatronoticias.com\/index.php\/wp-json\/wp\/v2\/posts\/8530\/revisions"}],"predecessor-version":[{"id":8532,"href":"https:\/\/www.regioncuatronoticias.com\/index.php\/wp-json\/wp\/v2\/posts\/8530\/revisions\/8532"}],"wp:featuredmedia":[{"embeddable":true,"href":"https:\/\/www.regioncuatronoticias.com\/index.php\/wp-json\/wp\/v2\/media\/8531"}],"wp:attachment":[{"href":"https:\/\/www.regioncuatronoticias.com\/index.php\/wp-json\/wp\/v2\/media?parent=8530"}],"wp:term":[{"taxonomy":"category","embeddable":true,"href":"https:\/\/www.regioncuatronoticias.com\/index.php\/wp-json\/wp\/v2\/categories?post=8530"},{"taxonomy":"post_tag","embeddable":true,"href":"https:\/\/www.regioncuatronoticias.com\/index.php\/wp-json\/wp\/v2\/tags?post=8530"}],"curies":[{"name":"wp","href":"https:\/\/api.w.org\/{rel}","templated":true}]}}