{"id":8497,"date":"2024-04-09T08:38:15","date_gmt":"2024-04-09T15:38:15","guid":{"rendered":"https:\/\/www.regioncuatronoticias.com\/?p=8497"},"modified":"2024-04-09T08:38:17","modified_gmt":"2024-04-09T15:38:17","slug":"ine-vuelve-a-ordenar-a-amlo-modificar-5-mananeras-por-alusiones-electorales","status":"publish","type":"post","link":"https:\/\/www.regioncuatronoticias.com\/index.php\/2024\/04\/09\/ine-vuelve-a-ordenar-a-amlo-modificar-5-mananeras-por-alusiones-electorales\/","title":{"rendered":"INE vuelve a ordenar a AMLO modificar 5 ma\u00f1aneras por alusiones electorales"},"content":{"rendered":"\n<p><em>Ciudad de M\u00e9xico.&nbsp;<\/em>La Comisi\u00f3n de Quejas y Denuncias del Instituto Nacional Electoral (INE) volvi\u00f3 a ordenar al presidente de la Rep\u00fablica, Andr\u00e9s Manuel L\u00f3pez Obrador, que modifique o elimine partes de las conferencias matutinas del 7, 11, 12 y 22 de marzo, as\u00ed como del 1 de abril, porque volvi\u00f3 a hacer expresiones relativas al proceso electoral o de propaganda gubernamental que est\u00e1n prohibidas en periodo de campa\u00f1a.<\/p>\n\n\n\n<p>Sin embargo, los tres consejeros que integran esta comisi\u00f3n del \u00f3rgano electoral aprobaron no hacer lo mismo con la conferencia matutina del 13 de marzo del titular del Poder Ejecutivo Federal, al considerar que en este caso, s\u00f3lo se remiti\u00f3 a responder un cuestionamiento, sin que haya llegado a emitir comentarios relacionados con las elecciones.<\/p>\n\n\n\n<p>En el caso del uso indebido de los recursos p\u00fablicos, ser\u00e1 la Sala Regional Especializada la que definir\u00e1 si incurri\u00f3 en esta infracci\u00f3n electoral o no por haber utilizado esta conferencia matutina para abordar temas electorales que en este momento no puede hacer por estar en curso el proceso electoral.<\/p>\n\n\n\n<p>El PAN y el PRD denunciaron la presunta difusi\u00f3n de propaganda gubernamental en periodo prohibido, as\u00ed como vulneraci\u00f3n al principio de imparcialidad y uso indebido de recursos p\u00fablicos con motivo de las manifestaciones en las \u201cma\u00f1aneras\u201d del 7, 11, 12 y 13 de marzo.<\/p>\n\n\n\n<p>No obstante, s\u00f3lo se determin\u00f3 modificar tres conferencias matutinas, adem\u00e1s de pedirle nuevamente al presidente que se abstenga de inmiscuirse en asuntos electorales, pues \u201cpodr\u00eda incidir en el \u00e1nimo de la ciudadan\u00eda en el proceso electoral\u201d.<\/p>\n\n\n\n<p>Respecto a la conferencia del 22 de marzo que se efectu\u00f3 en Veracruz, el PRD denunci\u00f3 el presunto uso indebido de recursos p\u00fablicos y vulneraci\u00f3n a los principios de imparcialidad y neutralidad, as\u00ed como de la equidad en la contienda electoral porque el presidente L\u00f3pez Obrador y el gobernador de dicha entidad, Cuitl\u00e1huac Garc\u00eda, hicieron referencias al proceso electoral en curso, as\u00ed como a programas sociales y acciones de gobierno, \u201cy con eso se busca influir en las preferencias electorales a favor de la candidata Clauida Sheinbaum y Morena\u201d.<\/p>\n\n\n\n<p>En este caso, el INE determin\u00f3 que las expresiones de \u201cadversarios, conservadores y corruptos\u201d, as\u00ed como otras frases no tienen relaci\u00f3n con temas electorales, por lo que no se advierten que los titulares federal y estatal realizaran pronunciamientos sobre este partido y su candidata.<\/p>\n\n\n\n<p>No obstante, resolvi\u00f3 que s\u00ed debe eliminar o modificar la parte de la conferencia donde ambos hacen expresiones relacionadas con acciones de gobierno y programas sociales, porque \u201cse refirieron a basificaci\u00f3n de empleados de dependencias federales y apoyos a los sectores del campo, adultos mayores y j\u00f3venes\u201d que no deben hacerse en el marco en periodo de campa\u00f1a, por lo que reiter\u00f3 al presidente abstenerse de este tipo de conductas.<\/p>\n\n\n\n<p>En el caso de la conferencia matutina del 1 de abril, esta comisi\u00f3n del INE determin\u00f3 que se emitieron manifestaciones que pueden vulnerar la equidad en la contienda, adem\u00e1s de que hizo propaganda gubernamental al en periodo prohibido.<\/p>\n","protected":false},"excerpt":{"rendered":"<p>Ciudad de M\u00e9xico.&nbsp;La Comisi\u00f3n de Quejas y Denuncias del Instituto Nacional Electoral (INE) volvi\u00f3 a ordenar al presidente de la Rep\u00fablica, Andr\u00e9s Manuel L\u00f3pez Obrador, que modifique o elimine partes de las conferencias matutinas del 7, 11, 12 y 22 de marzo, as\u00ed como del 1 de abril, porque volvi\u00f3 a hacer expresiones relativas al [&hellip;]<\/p>\n","protected":false},"author":1,"featured_media":8498,"comment_status":"open","ping_status":"open","sticky":false,"template":"","format":"standard","meta":{"content-type":"","footnotes":""},"categories":[123],"tags":[],"class_list":{"0":"post-8497","1":"post","2":"type-post","3":"status-publish","4":"format-standard","5":"has-post-thumbnail","7":"category-elecciones2024"},"_links":{"self":[{"href":"https:\/\/www.regioncuatronoticias.com\/index.php\/wp-json\/wp\/v2\/posts\/8497","targetHints":{"allow":["GET"]}}],"collection":[{"href":"https:\/\/www.regioncuatronoticias.com\/index.php\/wp-json\/wp\/v2\/posts"}],"about":[{"href":"https:\/\/www.regioncuatronoticias.com\/index.php\/wp-json\/wp\/v2\/types\/post"}],"author":[{"embeddable":true,"href":"https:\/\/www.regioncuatronoticias.com\/index.php\/wp-json\/wp\/v2\/users\/1"}],"replies":[{"embeddable":true,"href":"https:\/\/www.regioncuatronoticias.com\/index.php\/wp-json\/wp\/v2\/comments?post=8497"}],"version-history":[{"count":1,"href":"https:\/\/www.regioncuatronoticias.com\/index.php\/wp-json\/wp\/v2\/posts\/8497\/revisions"}],"predecessor-version":[{"id":8499,"href":"https:\/\/www.regioncuatronoticias.com\/index.php\/wp-json\/wp\/v2\/posts\/8497\/revisions\/8499"}],"wp:featuredmedia":[{"embeddable":true,"href":"https:\/\/www.regioncuatronoticias.com\/index.php\/wp-json\/wp\/v2\/media\/8498"}],"wp:attachment":[{"href":"https:\/\/www.regioncuatronoticias.com\/index.php\/wp-json\/wp\/v2\/media?parent=8497"}],"wp:term":[{"taxonomy":"category","embeddable":true,"href":"https:\/\/www.regioncuatronoticias.com\/index.php\/wp-json\/wp\/v2\/categories?post=8497"},{"taxonomy":"post_tag","embeddable":true,"href":"https:\/\/www.regioncuatronoticias.com\/index.php\/wp-json\/wp\/v2\/tags?post=8497"}],"curies":[{"name":"wp","href":"https:\/\/api.w.org\/{rel}","templated":true}]}}