{"id":8491,"date":"2024-04-09T08:36:08","date_gmt":"2024-04-09T15:36:08","guid":{"rendered":"https:\/\/www.regioncuatronoticias.com\/?p=8491"},"modified":"2024-04-09T08:36:10","modified_gmt":"2024-04-09T15:36:10","slug":"sheinbaum-en-el-debate-defendi-la-4t-con-alma-y-pensamiento","status":"publish","type":"post","link":"https:\/\/www.regioncuatronoticias.com\/index.php\/2024\/04\/09\/sheinbaum-en-el-debate-defendi-la-4t-con-alma-y-pensamiento\/","title":{"rendered":"Sheinbaum: en el debate defend\u00ed la 4T con alma y pensamiento"},"content":{"rendered":"\n<p>Un d\u00eda despu\u00e9s del primer debate entre candidatos a la Presidencia del pa\u00eds, la aspirante de la coalici\u00f3n Sigamos Haciendo Historia, Claudia Sheinbaum, expres\u00f3 en Lerma, estado de M\u00e9xico, su satisfacci\u00f3n por el resultado y el impacto de ese ejercicio. Estoy contenta, no s\u00f3lo porque sal\u00ed triunfante, sino porque defend\u00ed con el coraz\u00f3n, el pensamiento y el alma a la Cuarta Transformaci\u00f3n, que es el proyecto del pueblo de M\u00e9xico, resalt\u00f3.<\/p>\n\n\n\n<p>La tarde de ayer, en ese municipio donde ofreci\u00f3 limpiar el contaminado r\u00edo Lerma, Sheinbaum expres\u00f3 que dar\u00e1 continuidad al proyecto. No los voy a traicionar ni a defraudar, insisti\u00f3.<\/p>\n\n\n\n<p>Ante miles de mexiquenses reunidos en la plaza municipal, y ante la demanda de un grupo de trabajadores de la secci\u00f3n 23 de la CTM, tambi\u00e9n manifest\u00f3 estar de acuerdo con la jornada laboral de 40 horas, pero consider\u00f3 necesario convocar a mesas de trabajo con empresarios y trabajadores. Vamos a cambiar esa condici\u00f3n, agreg\u00f3 en respuesta a la petici\u00f3n de los cetemistas.<\/p>\n\n\n\n<p>Al recordar el aumento sin precedente al salario m\u00ednimo en el actual sexenio y criticar que los gobiernos anteriores presum\u00edan la mano de obra barata cuando los mexicanos son muy trabajadores, desde el p\u00fablico alguien le grit\u00f3 \u00a1y somos muy chingones!, Sheinbaum respondi\u00f3: S\u00ed, pero esa palabra ya no nos gusta, en alusi\u00f3n a que su contrincante de la oposici\u00f3n, la utiliza en su propaganda.<\/p>\n\n\n\n<p>Tambi\u00e9n en el mitin en Lerma, el dirigente de Morena, Mario Delgado, felicit\u00f3 a la candidata por haber ganado el debate, en el que actu\u00f3 con templanza e inteligencia y fue la que m\u00e1s propuestas present\u00f3 al pueblo y rebati\u00f3 con fuerza las previsibles mentiras de X\u00f3chitl G\u00e1lvez.<\/p>\n\n\n\n<p>Al mediod\u00eda, Sheinbaum sostuvo una reuni\u00f3n con estudiantes, acad\u00e9micos, directivos y personal sindicalizado del Instituto Polit\u00e9cnico Nacional, que empez\u00f3 45 minutos tarde por el retraso de la candidata, que lleg\u00f3 al auditorio del Centro Cultural Jaime Torres Bodet en pleno eclipse solar.<\/p>\n\n\n\n<p>Previsto como un di\u00e1logo con la comunidad del Poli, al final no se aceptaron preguntas de los estudiantes, porque el formato alarg\u00f3 las intervenciones previas a la de Sheinbaum, incluida la de Clara Brugada, quien se extendi\u00f3 m\u00e1s de 20 minutos.<\/p>\n\n\n\n<p>\u00a1Te quiero mucho, Claudia!, le grit\u00f3 una alumna. Y la ex jefa de Gobierno capitalino le respondi\u00f3: Yo los quiero m\u00e1s, \u00a1los amo!<\/p>\n\n\n\n<p>Ah\u00ed, Sheinbaum ofreci\u00f3 a los j\u00f3venes que la educaci\u00f3n, como un derecho y no un privilegio, ser\u00e1 esencia de pr\u00f3ximo gobierno, en contraste con el periodo neoliberal que cerr\u00f3 espacios educativos, y reiter\u00f3 su oferta de echar atr\u00e1s el examen de admisi\u00f3n al bachillerato mediante el modelo de la Comisi\u00f3n Metropolitana de Instituciones P\u00fablicas de Educaci\u00f3n Media Superior, para que todos los j\u00f3venes cuenten con oportunidad de estudiar.<\/p>\n\n\n\n<p>Nadie puede decir es un honor estar con Calder\u00f3n<\/p>\n\n\n\n<p>Present\u00f3 un video con \u201csu visi\u00f3n del M\u00e9xico que vamos a construir. Hemos avanzado mucho con el Presidente, es un hombre extraordinario y siempre lo vamos a decir, \u2018es un honor estar con Andr\u00e9s Manuel L\u00f3pez Obrador\u2019. Del otro lado nadie puede decir \u2018es un honor estar con (Vicente) Fox, con (Felipe) Calder\u00f3n o con Alejandro Alito Moreno o cualquiera de ellos\u201d, expres\u00f3 entre las ruidosas risas de los alumnos.<\/p>\n\n\n\n<p>Sheinbaum inici\u00f3 su participaci\u00f3n con la lectura de las primeras dos estrofas de Que vivan los estudiantes, de Violeta Parra, para referirse al periodo de barbarie y del autoritarismo de la d\u00e9cada de los 60 y 70 del siglo pasado en M\u00e9xico, en especial la masacre de estudiantes en 1968.<\/p>\n\n\n\n<p>El modelo aplicado entonces, dijo, fue sumamente cruel, dise\u00f1ado para los de arriba y se olvid\u00f3 de los de abajo. Y al referirse al viejo modelo pol\u00edtico y econ\u00f3mico\u201d, un joven grit\u00f3: \u00a1Fuera el PRI!, ante lo cual la candidata presidencial secund\u00f3: \u00a1Ya se fue! Hay m\u00e1s ex gobernadores del PRI en la c\u00e1rcel que en funciones.<\/p>\n","protected":false},"excerpt":{"rendered":"<p>Un d\u00eda despu\u00e9s del primer debate entre candidatos a la Presidencia del pa\u00eds, la aspirante de la coalici\u00f3n Sigamos Haciendo Historia, Claudia Sheinbaum, expres\u00f3 en Lerma, estado de M\u00e9xico, su satisfacci\u00f3n por el resultado y el impacto de ese ejercicio. Estoy contenta, no s\u00f3lo porque sal\u00ed triunfante, sino porque defend\u00ed con el coraz\u00f3n, el pensamiento [&hellip;]<\/p>\n","protected":false},"author":1,"featured_media":8492,"comment_status":"open","ping_status":"open","sticky":false,"template":"","format":"standard","meta":{"content-type":"","footnotes":""},"categories":[123],"tags":[],"class_list":{"0":"post-8491","1":"post","2":"type-post","3":"status-publish","4":"format-standard","5":"has-post-thumbnail","7":"category-elecciones2024"},"_links":{"self":[{"href":"https:\/\/www.regioncuatronoticias.com\/index.php\/wp-json\/wp\/v2\/posts\/8491","targetHints":{"allow":["GET"]}}],"collection":[{"href":"https:\/\/www.regioncuatronoticias.com\/index.php\/wp-json\/wp\/v2\/posts"}],"about":[{"href":"https:\/\/www.regioncuatronoticias.com\/index.php\/wp-json\/wp\/v2\/types\/post"}],"author":[{"embeddable":true,"href":"https:\/\/www.regioncuatronoticias.com\/index.php\/wp-json\/wp\/v2\/users\/1"}],"replies":[{"embeddable":true,"href":"https:\/\/www.regioncuatronoticias.com\/index.php\/wp-json\/wp\/v2\/comments?post=8491"}],"version-history":[{"count":1,"href":"https:\/\/www.regioncuatronoticias.com\/index.php\/wp-json\/wp\/v2\/posts\/8491\/revisions"}],"predecessor-version":[{"id":8493,"href":"https:\/\/www.regioncuatronoticias.com\/index.php\/wp-json\/wp\/v2\/posts\/8491\/revisions\/8493"}],"wp:featuredmedia":[{"embeddable":true,"href":"https:\/\/www.regioncuatronoticias.com\/index.php\/wp-json\/wp\/v2\/media\/8492"}],"wp:attachment":[{"href":"https:\/\/www.regioncuatronoticias.com\/index.php\/wp-json\/wp\/v2\/media?parent=8491"}],"wp:term":[{"taxonomy":"category","embeddable":true,"href":"https:\/\/www.regioncuatronoticias.com\/index.php\/wp-json\/wp\/v2\/categories?post=8491"},{"taxonomy":"post_tag","embeddable":true,"href":"https:\/\/www.regioncuatronoticias.com\/index.php\/wp-json\/wp\/v2\/tags?post=8491"}],"curies":[{"name":"wp","href":"https:\/\/api.w.org\/{rel}","templated":true}]}}