{"id":8479,"date":"2024-04-09T08:32:17","date_gmt":"2024-04-09T15:32:17","guid":{"rendered":"https:\/\/www.regioncuatronoticias.com\/?p=8479"},"modified":"2024-04-09T08:32:19","modified_gmt":"2024-04-09T15:32:19","slug":"a-mexico-se-le-respeta-amlo-al-confirmar-denuncia-a-ecuador-ante-la-cij","status":"publish","type":"post","link":"https:\/\/www.regioncuatronoticias.com\/index.php\/2024\/04\/09\/a-mexico-se-le-respeta-amlo-al-confirmar-denuncia-a-ecuador-ante-la-cij\/","title":{"rendered":"\u201cA M\u00e9xico se le respeta\u201d: AMLO al confirmar denuncia a Ecuador ante la CIJ"},"content":{"rendered":"\n<p><em>Ciudad de M\u00e9xico.<\/em>&nbsp;El presidente Andr\u00e9s Manuel L\u00f3pez Obrador sostuvo que M\u00e9xico es un pa\u00eds independiente, libre y soberano, \u201cno somos colonia de nadie. Esto tambi\u00e9n lo digo por la agresi\u00f3n a nuestra soberan\u00eda en Ecuador\u201d. Por ello, confirm\u00f3 que nuestro pa\u00eds acudir\u00e1 a la Corte Internacional de Justicia para denunciar el allanamiento de la embajada mexicana en esa naci\u00f3n porque \u201ca M\u00e9xico se le respeta\u201d.<\/p>\n\n\n\n<p>Durante su conferencia, aludi\u00f3 brevemente al conflicto diplom\u00e1tico que se enfrenta con Ecuador, anticipando que se dar\u00e1n a conocer im\u00e1genes del ataque de las fuerzas de seguridad mexicana a la embajada tomadas desde adentro, \u201cde la forma tan vil y autoritaria como allanaron nuestra sede diplom\u00e1tica.<\/p>\n\n\n\n<p>Para L\u00f3pez Obrador, eso no lo hace un gobierno que \u201cno siente que tiene el respaldo de otros gobiernos o de potencias. Por eso vamos a llevar este asunto a la Corte\u201d.<\/p>\n","protected":false},"excerpt":{"rendered":"<p>Ciudad de M\u00e9xico.&nbsp;El presidente Andr\u00e9s Manuel L\u00f3pez Obrador sostuvo que M\u00e9xico es un pa\u00eds independiente, libre y soberano, \u201cno somos colonia de nadie. Esto tambi\u00e9n lo digo por la agresi\u00f3n a nuestra soberan\u00eda en Ecuador\u201d. Por ello, confirm\u00f3 que nuestro pa\u00eds acudir\u00e1 a la Corte Internacional de Justicia para denunciar el allanamiento de la embajada [&hellip;]<\/p>\n","protected":false},"author":1,"featured_media":8480,"comment_status":"open","ping_status":"open","sticky":false,"template":"","format":"standard","meta":{"content-type":"","footnotes":""},"categories":[7,105],"tags":[],"class_list":{"0":"post-8479","1":"post","2":"type-post","3":"status-publish","4":"format-standard","5":"has-post-thumbnail","7":"category-internacional","8":"category-principal"},"_links":{"self":[{"href":"https:\/\/www.regioncuatronoticias.com\/index.php\/wp-json\/wp\/v2\/posts\/8479","targetHints":{"allow":["GET"]}}],"collection":[{"href":"https:\/\/www.regioncuatronoticias.com\/index.php\/wp-json\/wp\/v2\/posts"}],"about":[{"href":"https:\/\/www.regioncuatronoticias.com\/index.php\/wp-json\/wp\/v2\/types\/post"}],"author":[{"embeddable":true,"href":"https:\/\/www.regioncuatronoticias.com\/index.php\/wp-json\/wp\/v2\/users\/1"}],"replies":[{"embeddable":true,"href":"https:\/\/www.regioncuatronoticias.com\/index.php\/wp-json\/wp\/v2\/comments?post=8479"}],"version-history":[{"count":1,"href":"https:\/\/www.regioncuatronoticias.com\/index.php\/wp-json\/wp\/v2\/posts\/8479\/revisions"}],"predecessor-version":[{"id":8481,"href":"https:\/\/www.regioncuatronoticias.com\/index.php\/wp-json\/wp\/v2\/posts\/8479\/revisions\/8481"}],"wp:featuredmedia":[{"embeddable":true,"href":"https:\/\/www.regioncuatronoticias.com\/index.php\/wp-json\/wp\/v2\/media\/8480"}],"wp:attachment":[{"href":"https:\/\/www.regioncuatronoticias.com\/index.php\/wp-json\/wp\/v2\/media?parent=8479"}],"wp:term":[{"taxonomy":"category","embeddable":true,"href":"https:\/\/www.regioncuatronoticias.com\/index.php\/wp-json\/wp\/v2\/categories?post=8479"},{"taxonomy":"post_tag","embeddable":true,"href":"https:\/\/www.regioncuatronoticias.com\/index.php\/wp-json\/wp\/v2\/tags?post=8479"}],"curies":[{"name":"wp","href":"https:\/\/api.w.org\/{rel}","templated":true}]}}