{"id":8476,"date":"2024-04-09T00:05:07","date_gmt":"2024-04-09T07:05:07","guid":{"rendered":"https:\/\/www.regioncuatronoticias.com\/?p=8476"},"modified":"2024-04-09T00:05:10","modified_gmt":"2024-04-09T07:05:10","slug":"eleccion-sindical-alborota-los-animos-en-el-isssteson","status":"publish","type":"post","link":"https:\/\/www.regioncuatronoticias.com\/index.php\/2024\/04\/09\/eleccion-sindical-alborota-los-animos-en-el-isssteson\/","title":{"rendered":"Elecci\u00f3n sindical alborota los \u00e1nimos en el ISSSTESON"},"content":{"rendered":"\n<p><strong>Columna Para los de a Pie<\/strong><\/p>\n\n\n\n<p><strong>Luis Fernando Oropeza<\/strong><\/p>\n\n\n\n<p><strong>Elecci\u00f3n sindical alborota los \u00e1nimos en el ISSSTESON<\/strong><\/p>\n\n\n\n<p><strong>Martes 9 de abril de 2024<\/strong><\/p>\n\n\n\n<p>En el ISSSTESON, traen un buen barullo los trabajadores sindicalizados, hoy tendr\u00e1n elecci\u00f3n de la dirigencia del SUEISSSTESON.<\/p>\n\n\n\n<p>La jornada iniciar\u00e1 a media ma\u00f1ana con el arranque de las votaciones, est\u00e1 programada tambi\u00e9n la entrega de reconocimiento por antig\u00fcedad al personal sindicalizado. Nos comentan que los preparativos ya quedaron, un sal\u00f3n del Expo Forum, comida y mucha cerveza, para terminar bien contentos con los resultados de las votaciones.<\/p>\n\n\n\n<p>Desconozco si la autoridad laboral permita que una elecci\u00f3n de un sindicato, se permita el consumo de alcohol durante una jornada de elecci\u00f3n, lo que s\u00ed estoy seguro, es que las pasiones andan alborotadas y al calor de las cervezas bien fr\u00edas, cualquier cosa se puede esperar, hasta un pleito. Ojo ah\u00ed autoridades de ISSSTESON.<\/p>\n\n\n\n<p>Las pasiones andan alborotadas porque en un acto in\u00e9dito e hist\u00f3rico, el actual dirigente, el doctor Jorge Valdez Jim\u00e9nez, se avent\u00f3 el paso de la muerte, al modificar en una muy cuestionada asamblea, los estatutos internos del sindicato para permitir la reelecci\u00f3n por primera vez en ese sindicato.<\/p>\n\n\n\n<p>La otra planilla la encabeza la Doctora Griselda Garc\u00eda, me informan es una persona con mucha calidad humana,&nbsp; decente, que vaya que le hace mucha falta un perfil as\u00ed a la dirigencia del SUEISSSTESON, con mucho reconocimiento de la base trabajadora que la apoya para impedir la reelecci\u00f3n y continuar con la tradici\u00f3n anti reeleccionista que caracteriza a ese sindicato desde su creaci\u00f3n.&nbsp;&nbsp;<\/p>\n\n\n\n<p>Otro ingrediente m\u00e1s a este proceso interno sindical, ha sido las carpetas de investigaci\u00f3n abiertas por la Fiscal\u00eda Anticorrupci\u00f3n por malversaci\u00f3n de varios millones de pesos, en contra de una ex Secretaria General, que le mereci\u00f3 ser suspendida de sus derechos sindicales por la Comisi\u00f3n de Honor y Justicia.<\/p>\n\n\n\n<p>Recordada por sus constantes viajes por el mundo, manejo discrecional de la caja de ahorros, beneficiar a sus familiares con altos niveles y otras linduras, esta ex dirigente sindical, quiere volver a la ubre, pero los pendientes que trae con la justicia son muchos.&nbsp;&nbsp;<\/p>\n\n\n\n<p>Asesorada bajo cuerda por su abogado de cabecera, el Presidente del Tribunal de Justicia Administrativa, Jos\u00e9 Santiago Encinas Velarde, logr\u00f3 que la justicia federal le otorgara un amparo y trae una campa\u00f1a declarativa en contra del Gobernador Alfonso Durazo.<\/p>\n\n\n\n<p>Jos\u00e9 Santiago Encinas es el abogado personal de la susodicha ex Secretaria General y asesor jur\u00eddico del SUEISSSTESON por varios a\u00f1os, sin que le importara que hubiera conflicto de intereses por ser Magistrado del Tribunal de Justicia Administrativa, en este espacio, hicimos constar los pagos que recibi\u00f3.<\/p>\n\n\n\n<p>Por cierto, del Magistrado Jos\u00e9 Santiago Encinas Velarde, tiene bonitos recuerdos su mentor, un ex Secretario de Seguridad Estatal, de c\u00f3nico sobrenombre.<\/p>\n\n\n\n<p>Para allanar su llegada a la Presidencia del Tribunal de Justicia Administrativa y quedar bien con Palacio de Gobierno, Jos\u00e9 Santiago Encinas, maltrat\u00f3 de fea manera al hijo de su antiguo mentor, que trabajaba bajo sus \u00f3rdenes, hasta le quit\u00f3 la compensaci\u00f3n para hacerle entender que su ciclo laboral hab\u00eda terminado y orillarlo a renunciar a su trabajo en el Tribunal de Justicia Administrativa. Una historia de intriga, mezquindad y traici\u00f3n.<\/p>\n\n\n\n<p>Pero la pol\u00edtica da muchas vueltas, el joven abogado, a la vuelta de unos meses, fue nombrado Subsecretario en la Consejer\u00eda Jur\u00eddica y a su pap\u00e1, no se le olvida lo que le hizo su \u201camigo\u201d el ahora Presidente del Tribunal de Justicia Administrativa, Jos\u00e9 Santiago Encinas Velarde.&nbsp; \u00a1Qu\u00e9 bonita historia!<\/p>\n\n\n\n<p>Seguiremos informando.<\/p>\n\n\n\n<p><strong>LICITAN COMPRA DE MEDICAMENTOS EN ISSSTESON<\/strong><\/p>\n\n\n\n<p>En columnas anteriores comentamos que en el ISSSTESON se fraguaban algunos cambios ordenados desde Oficial\u00eda Mayor del Gobierno del Estado.<\/p>\n\n\n\n<p>La decisi\u00f3n para pedirle la renuncia al Doctor Octavio Durazo Arvizu, titular de la Subdirecci\u00f3n M\u00e9dica del ISSTESON, despu\u00e9s de varios errores cometidos que influyeron en la falta de medicamento, parec\u00eda definitiva.&nbsp;<\/p>\n\n\n\n<p>Algo sucedi\u00f3 y parece que al Doctor Durazo Arvizu, se le concedi\u00f3 otra oportunidad de recomponer el camino, va por la revancha.<\/p>\n\n\n\n<p>El pasado viernes se realiz\u00f3 la licitaci\u00f3n para la adquisici\u00f3n de medicamentos en el ISSSTESON.<\/p>\n\n\n\n<p>Como hay muchos intereses de por medio en ese puesto clave en el ISSSTESON, me entero que al Doctor Octavio Durazo Arvizu, aprovechando sus errores, se le ha orquestado una campa\u00f1a medi\u00e1tica, desde Salud Municipal, gracias a la fuga de informaci\u00f3n privilegiada de desleales empleados que trabajan en ISSSTESON.<\/p>\n\n\n\n<p>El autor de esta campa\u00f1ita, es de los que tira la piedra y esconde la mano, guarda la esperanza de volver al puesto que ocup\u00f3, es muy recordado en la Subdirecci\u00f3n M\u00e9dica de ISSSTESON por los proveedores de medicinas, dicen que negociaban$$$ muy tranquilos el rumbo de las licitaciones, en un dos por tres, y con el actual, Subdirector M\u00e9dico, dicen que no hay por d\u00f3nde entrarle.<\/p>\n\n\n\n<p>Bien har\u00eda el doctor Octavio Durazo Arvizu, darle una buena revisada a la lista de sus colaboradores y la informaci\u00f3n importante que manejan. Ah\u00ed la respuesta a los trascendidos en medios de comunicaci\u00f3n.<\/p>\n\n\n\n<p>Con fecha a primero de abril, lleg\u00f3 designado por Oficial\u00eda Mayor, Samuel Espinoza Guillen, como nuevo Subdirector de Administraci\u00f3n al ISSSTESON, su labor consistir\u00e1 precisamente, sacar adelante todos los pendientes en materia de adquisici\u00f3n de medicamentos, en pocas palabras, se traer\u00e1 chicoteado al Subdirector M\u00e9dico.&nbsp;<\/p>\n\n\n\n<p><strong>SONORA EN \u00d3PTIMAS CONDICIONES PARA LA INVERSI\u00d3N EXTRANJERA<\/strong><\/p>\n\n\n\n<p>La visi\u00f3n para detonar el crecimiento econ\u00f3mico de la entidad, impulsada por el Gobernador Alfonso Durazo y materializada en el Plan Sonora de Energ\u00eda y en las obras que lo componen, sigue arrojando buenas se\u00f1ales para la econom\u00eda de la entidad.<\/p>\n\n\n\n<p>El Banco de M\u00e9xico acaba de aportar datos que colocan a Sonora, junto con otras cuatro entidades, con las condiciones suficientes en gobernanza, capacidad de mano de obra calificada, infraestructura y regulaci\u00f3n, para atraer la inversi\u00f3n extranjera.<\/p>\n\n\n\n<p>En esta evaluaci\u00f3n, Sonora comparte con Quer\u00e9taro, Yucat\u00e1n, Nuevo Le\u00f3n, Guanajuato y la Ciudad de M\u00e9xico, las \u00f3ptimas condiciones para el aterrizaje de capitales que inviertan en estas entidades.&nbsp;<\/p>\n\n\n\n<p><strong>PRIMER DEBATE DE CANDIDATOS PRESIDENCIALES<\/strong><\/p>\n\n\n\n<p>Titulado \u201cLa sociedad que queremos\u201d se realiz\u00f3 ayer en el sal\u00f3n de sesiones del Instituto Nacional Electoral, el primer debate entre los tres candidatos presidenciales.<\/p>\n\n\n\n<p>Con la moderaci\u00f3n de los periodistas Denise Maerker, y Manuel L\u00f3pez San Mart\u00edn, durante casi dos horas, los tres candidatos debatieron entre propuestas y ataques, los temas de educaci\u00f3n y salud; transparencia y combate a la corrupci\u00f3n; no discriminaci\u00f3n, grupos vulnerables y violencia contra las mujeres.<\/p>\n\n\n\n<p>La organizaci\u00f3n de este evento tuvo un costo de diez millones de pesos, los pr\u00f3ximos debates est\u00e1n programados para el 28 de abril y el 19 de mayo.<\/p>\n\n\n\n<p>En la estrategia, de los candidatos, como era de esperarse, la candidata que va mejor colocada en las encuestas fue el objetivo de la mayor\u00eda de los ataques, enviados por la candidata que va en segunda posici\u00f3n.<\/p>\n\n\n\n<p>Claudia Sheinbaum se dedic\u00f3 a no caer en algunas de las provocaciones enviadas por la candidata X\u00f3chitl G\u00e1lvez y el candidato de Movimiento Ciudadano, Jorge \u00c1lvarez M\u00e1ynez, por lo menos no qued\u00f3 de figura decorativa, aunque tampoco demostr\u00f3 ser una chucha cuerera en la tribuna.<\/p>\n\n\n\n<p>Ya para que un debate lo m\u00e1s sobresaliente haya sido el reclamo de los candidatos por la falla en el reloj que tomaba el tiempo de cada participante, eso nos da una idea de c\u00f3mo anduvieron los candidatos.<\/p>\n\n\n\n<p>Confieso que me qued\u00e9 dormido, a la mitad de la transmisi\u00f3n y me lo tuve que aventar en repetici\u00f3n.<\/p>\n\n\n\n<p>Para los amigos de todo el sur de Sonora, los invito a escuchar, SONORA EN RED NOTICIAS, en su nuevo horario a las 6 de la tarde, espacio que comparto con mi amigo Arturo Chapo Soto, por el 93.3 del cuadrante de F.M. informativo que tambi\u00e9n puede ser visto, por la se\u00f1al del canal 14 de Estrella Tucson TV, en todo el sur de Arizona.<\/p>\n\n\n\n<p><strong>Podemos interactuar a trav\u00e9s de mi cuenta de Twitter @feroropeza20 o en mi correo electr\u00f3nico luiso@hmo.megared.net.mx<\/strong><\/p>\n","protected":false},"excerpt":{"rendered":"<p>Columna Para los de a Pie Luis Fernando Oropeza Elecci\u00f3n sindical alborota los \u00e1nimos en el ISSSTESON Martes 9 de abril de 2024 En el ISSSTESON, traen un buen barullo los trabajadores sindicalizados, hoy tendr\u00e1n elecci\u00f3n de la dirigencia del SUEISSSTESON. La jornada iniciar\u00e1 a media ma\u00f1ana con el arranque de las votaciones, est\u00e1 programada [&hellip;]<\/p>\n","protected":false},"author":1,"featured_media":8477,"comment_status":"open","ping_status":"open","sticky":false,"template":"","format":"standard","meta":{"content-type":"","footnotes":""},"categories":[109],"tags":[],"class_list":{"0":"post-8476","1":"post","2":"type-post","3":"status-publish","4":"format-standard","5":"has-post-thumbnail","7":"category-fernando-oropeza-jimenez"},"_links":{"self":[{"href":"https:\/\/www.regioncuatronoticias.com\/index.php\/wp-json\/wp\/v2\/posts\/8476","targetHints":{"allow":["GET"]}}],"collection":[{"href":"https:\/\/www.regioncuatronoticias.com\/index.php\/wp-json\/wp\/v2\/posts"}],"about":[{"href":"https:\/\/www.regioncuatronoticias.com\/index.php\/wp-json\/wp\/v2\/types\/post"}],"author":[{"embeddable":true,"href":"https:\/\/www.regioncuatronoticias.com\/index.php\/wp-json\/wp\/v2\/users\/1"}],"replies":[{"embeddable":true,"href":"https:\/\/www.regioncuatronoticias.com\/index.php\/wp-json\/wp\/v2\/comments?post=8476"}],"version-history":[{"count":1,"href":"https:\/\/www.regioncuatronoticias.com\/index.php\/wp-json\/wp\/v2\/posts\/8476\/revisions"}],"predecessor-version":[{"id":8478,"href":"https:\/\/www.regioncuatronoticias.com\/index.php\/wp-json\/wp\/v2\/posts\/8476\/revisions\/8478"}],"wp:featuredmedia":[{"embeddable":true,"href":"https:\/\/www.regioncuatronoticias.com\/index.php\/wp-json\/wp\/v2\/media\/8477"}],"wp:attachment":[{"href":"https:\/\/www.regioncuatronoticias.com\/index.php\/wp-json\/wp\/v2\/media?parent=8476"}],"wp:term":[{"taxonomy":"category","embeddable":true,"href":"https:\/\/www.regioncuatronoticias.com\/index.php\/wp-json\/wp\/v2\/categories?post=8476"},{"taxonomy":"post_tag","embeddable":true,"href":"https:\/\/www.regioncuatronoticias.com\/index.php\/wp-json\/wp\/v2\/tags?post=8476"}],"curies":[{"name":"wp","href":"https:\/\/api.w.org\/{rel}","templated":true}]}}