{"id":8435,"date":"2024-04-08T09:34:43","date_gmt":"2024-04-08T16:34:43","guid":{"rendered":"https:\/\/www.regioncuatronoticias.com\/?p=8435"},"modified":"2024-04-08T09:34:45","modified_gmt":"2024-04-08T16:34:45","slug":"israel-retira-tropas-del-sur-de-la-franja-de-gaza","status":"publish","type":"post","link":"https:\/\/www.regioncuatronoticias.com\/index.php\/2024\/04\/08\/israel-retira-tropas-del-sur-de-la-franja-de-gaza\/","title":{"rendered":"Israel retira tropas del sur de la franja de Gaza"},"content":{"rendered":"\n<p><em>Tel Aviv.<\/em>&nbsp;Israel ha retirado la mayor parte de sus tropas de tierra del sur de Gaza, exactamente seis meses despu\u00e9s del principio de su ofensiva posterior al ataque de Hamas, el 7 de octubre.<\/p>\n\n\n\n<p>Qued\u00f3 en Jan Yunis una sola brigada a cargo de la seguridad del&nbsp;<q>corredor Netzarim<\/q>, que divide la franja, de acuerdo con reportes locales. No estaba claro si el retiro retrasar\u00e1 la incursi\u00f3n en la ciudad sure\u00f1a de Rafah, que el primer ministro israel\u00ed, Benjamin Netanyahu, afirma que es necesaria para eliminar a Hamas.<\/p>\n\n\n\n<p>El hecho ocurre mientras aumenta la prisi\u00f3n sobre Gran Breta\u00f1a para que suspenda la venta de armas a Israel, despu\u00e9s de que siete trabajadores humanitarios, entre ellos tres brit\u00e1nicos, fueron asesinados por militares israel\u00edes. El viceprimer ministro Oliver Dowden declar\u00f3 a Sky News que Israel ha cometido&nbsp;<q>grandes errores<\/q>&nbsp;durante el conflicto y que Reino Unido los ha medido con una&nbsp;<q>norma muy alta<\/q>. Dowden insisti\u00f3 en que su gobierno no dar\u00e1&nbsp;<q>carta blanca<\/q>&nbsp;a Netanyahu y que mantiene&nbsp;<q>robustas conversaciones<\/q>&nbsp;con Tel Aviv.<\/p>\n\n\n\n<p>Tambi\u00e9n precis\u00f3 que cualquier detenci\u00f3n en la venta de armas era decisi\u00f3n de la secretaria de negocios, Kemi Badenoch, por consejo del titular del Exterior, David Cameron, y que \u00e9ste&nbsp;<q>no hab\u00eda cambiado su consejo<\/q>&nbsp;hasta el momento. Sin embargo, Cameron advirti\u00f3 que el apoyo brit\u00e1nico a Israel no es incondicional y que los palestinos en Gaza est\u00e1n al borde de la hambruna.<\/p>\n\n\n\n<p>A\u00f1adi\u00f3 que la situaci\u00f3n en Gaza es&nbsp;<q>funesta<\/q>&nbsp;y que&nbsp;<q>la perspectiva de hambruna es real<\/q>, en momentos en que se destin\u00f3 un barco de la Real Armada para ayudar a llevar&nbsp;<q>ayuda salvadora de vida<\/q>&nbsp;a la franja.&nbsp;<q>Desde luego, nuestro apoyo no es incondicional: esperamos que una democracia tan orgullosa y exitosa se norme por el derecho humanitario internacional, incluso al ser desafiada de esta forma. Como potencia ocupante, Israel tiene una responsabilidad ante el pueblo de Gaza<\/q>, escribi\u00f3 Cameron en el&nbsp;<em>Sunday Times<\/em>.<\/p>\n\n\n\n<p>Israel hab\u00eda planeado una invasi\u00f3n terrestre de Rafah, debido a su afirmaci\u00f3n de que esa ciudad sure\u00f1a, cercana a la frontera con Egipto, es un enjambre de bastiones remanentes de Hamas. Sin embargo, la ciudad se ha vuelto el \u00faltimo refugio para m\u00e1s de un mill\u00f3n de palestinos que se protegen de los bombardeos israel\u00edes en otras partes. Naciones Unidas ha advertido que un asalto a Rafah conducir\u00eda a&nbsp;<q>una masacre<\/q>.<\/p>\n\n\n\n<p>Con posterioridad al retiro de tropas, el vocero del gobierno israel\u00ed, Avi Hyman, advirti\u00f3 que Netanyahu continuar\u00eda&nbsp;<q>absolutamente<\/q>&nbsp;con una invasi\u00f3n de Rafah por tierra.&nbsp;<q>Si no seguimos adelante con la invasi\u00f3n, perdemos la guerra<\/q>, a\u00f1adi\u00f3.<\/p>\n\n\n\n<p>La Casa Blanca indic\u00f3 que probablemente el retiro de tropas fue para que pudieran&nbsp;<q>descansar y reacondicionarse<\/q>, m\u00e1s que una acci\u00f3n dirigida a una nueva operaci\u00f3n.&nbsp;<q>Llevan cuatro meses en el terreno; lo que se nos ha dicho es que est\u00e1n cansados<\/q>, declar\u00f3 a la cadena ABC el vocero del Consejo Nacional de Seguridad, John Kirby. Sin embargo, una fuente de alto rango del gobierno israel\u00ed dijo a Sky News que el retiro probablemente se vincula con las negociaciones vigentes con Hamas respecto de los rehenes israel\u00edes, pues Netanyahu est\u00e1&nbsp;<q>desesperado<\/q>&nbsp;por lograr un acuerdo. Estaba programado reanudar pl\u00e1ticas en El Cairo este domingo.<\/p>\n\n\n\n<p><strong>Paisaje desolador<\/strong><\/p>\n\n\n\n<p>Im\u00e1genes de Jan Yunis filmadas ayer mostraron a algunos palestinos regresando de un paisaje marcado por edificios destrozados y trepando sobre escombros para explorar vestigios derrumbados y polvorientos. Hab\u00eda autom\u00f3viles volcados y achicharrados.<\/p>\n\n\n\n<p>Hasta 33 mil 137 palestinos han perecido en Gaza desde el 7 de octubre, de acuerdo con las autoridades de Salud de la franja, gobernada por Hamas. El gobierno no distingue entre muertes de civiles y de combatientes, pero afirma que las mujeres y los ni\u00f1os constituyen dos terceras partes de los decesos.<\/p>\n\n\n\n<p>En tanto, las fuerzas armadas israel\u00edes declararon ayer que hab\u00edan completado un paso m\u00e1s en preparaci\u00f3n para una posible guerra en su frontera norte, donde han estado intercambiando fuego con Hezbollah durante seis meses. Anteriormente lanzaron ataques a\u00e9reos en el este de L\u00edbano e impactaron en sitios de infraestructura de Hezbollah, despu\u00e9s de que el grupo, apoyado por Ir\u00e1n, derrib\u00f3 un dron israel\u00ed.<\/p>\n\n\n\n<p>Hezbollah afirm\u00f3 haber lanzado docenas de cohetes&nbsp;<em>Katyusha<\/em>, que dieron en una base de defensa a\u00e9rea en los Altos del Gol\u00e1n, ocupados por Israel.<\/p>\n\n\n\n<p>Proyectiles israel\u00edes han dado muerte a unos 270 combatientes de Hezbollah y a unos 50 civiles, se\u00f1alan fuentes de seguridad, y desplazado a unas 90 mil personas en el sur de L\u00edbano. Del otro lado, unos 60 mil israel\u00edes han sido desalojados de la zona fronteriza del norte, y 18 personas, entre civiles y soldados, han muerto, seg\u00fan cuentas israel\u00edes.<\/p>\n\n\n\n<p>\u00a9 The Independent<\/p>\n\n\n\n<p>Traducci\u00f3n: Jorge Anaya<\/p>\n","protected":false},"excerpt":{"rendered":"<p>Tel Aviv.&nbsp;Israel ha retirado la mayor parte de sus tropas de tierra del sur de Gaza, exactamente seis meses despu\u00e9s del principio de su ofensiva posterior al ataque de Hamas, el 7 de octubre. Qued\u00f3 en Jan Yunis una sola brigada a cargo de la seguridad del&nbsp;corredor Netzarim, que divide la franja, de acuerdo con [&hellip;]<\/p>\n","protected":false},"author":1,"featured_media":8436,"comment_status":"open","ping_status":"open","sticky":false,"template":"","format":"standard","meta":{"content-type":"","footnotes":""},"categories":[7],"tags":[],"class_list":{"0":"post-8435","1":"post","2":"type-post","3":"status-publish","4":"format-standard","5":"has-post-thumbnail","7":"category-internacional"},"_links":{"self":[{"href":"https:\/\/www.regioncuatronoticias.com\/index.php\/wp-json\/wp\/v2\/posts\/8435","targetHints":{"allow":["GET"]}}],"collection":[{"href":"https:\/\/www.regioncuatronoticias.com\/index.php\/wp-json\/wp\/v2\/posts"}],"about":[{"href":"https:\/\/www.regioncuatronoticias.com\/index.php\/wp-json\/wp\/v2\/types\/post"}],"author":[{"embeddable":true,"href":"https:\/\/www.regioncuatronoticias.com\/index.php\/wp-json\/wp\/v2\/users\/1"}],"replies":[{"embeddable":true,"href":"https:\/\/www.regioncuatronoticias.com\/index.php\/wp-json\/wp\/v2\/comments?post=8435"}],"version-history":[{"count":1,"href":"https:\/\/www.regioncuatronoticias.com\/index.php\/wp-json\/wp\/v2\/posts\/8435\/revisions"}],"predecessor-version":[{"id":8437,"href":"https:\/\/www.regioncuatronoticias.com\/index.php\/wp-json\/wp\/v2\/posts\/8435\/revisions\/8437"}],"wp:featuredmedia":[{"embeddable":true,"href":"https:\/\/www.regioncuatronoticias.com\/index.php\/wp-json\/wp\/v2\/media\/8436"}],"wp:attachment":[{"href":"https:\/\/www.regioncuatronoticias.com\/index.php\/wp-json\/wp\/v2\/media?parent=8435"}],"wp:term":[{"taxonomy":"category","embeddable":true,"href":"https:\/\/www.regioncuatronoticias.com\/index.php\/wp-json\/wp\/v2\/categories?post=8435"},{"taxonomy":"post_tag","embeddable":true,"href":"https:\/\/www.regioncuatronoticias.com\/index.php\/wp-json\/wp\/v2\/tags?post=8435"}],"curies":[{"name":"wp","href":"https:\/\/api.w.org\/{rel}","templated":true}]}}