{"id":8372,"date":"2024-04-07T21:17:31","date_gmt":"2024-04-08T04:17:31","guid":{"rendered":"https:\/\/www.regioncuatronoticias.com\/?p=8372"},"modified":"2024-04-07T21:17:33","modified_gmt":"2024-04-08T04:17:33","slug":"debate-ine-asi-llegaron-claudia-sheinbaum-xochitl-galvez-y-jorge-alvarez-maynez","status":"publish","type":"post","link":"https:\/\/www.regioncuatronoticias.com\/index.php\/2024\/04\/07\/debate-ine-asi-llegaron-claudia-sheinbaum-xochitl-galvez-y-jorge-alvarez-maynez\/","title":{"rendered":"Debate INE: as\u00ed llegaron Claudia Sheinbaum, X\u00f3chitl G\u00e1lvez y Jorge \u00c1lvarez M\u00e1ynez"},"content":{"rendered":"\n<p><a href=\"https:\/\/www.facebook.com\/dialog\/feed?app_id=458584288257241&amp;link=https%3A%2F%2Fes-us.noticias.yahoo.com%2Fdebate-ine-asi-llegaron-claudia-sheinbaum-xochitl-galvez-y-jorge-alvarez-maynez-014956498.html%3Fsoc_src%3Dsocial-sh%26soc_trk%3Dfb%26tsrc%3Dfb\" rel=\"noreferrer noopener\" target=\"_blank\"><\/a><a href=\"https:\/\/twitter.com\/intent\/tweet?text=Debate%20INE%3A%20as%C3%AD%20llegaron%20Claudia%20Sheinbaum%2C%20X%C3%B3chitl%20G%C3%A1lvez%20y%20Jorge%20%C3%81lvarez%20M%C3%A1ynez&amp;url=https%3A%2F%2Fes-us.noticias.yahoo.com%2Fdebate-ine-asi-llegaron-claudia-sheinbaum-xochitl-galvez-y-jorge-alvarez-maynez-014956498.html%3Fsoc_src%3Dsocial-sh%26soc_trk%3Dtw%26tsrc%3Dtwtr&amp;via=Yahoo\" rel=\"noreferrer noopener\" target=\"_blank\"><\/a><a href=\"mailto:?subject=Debate%20INE%3A%20as%C3%AD%20llegaron%20Claudia%20Sheinbaum%2C%20X%C3%B3chitl%20G%C3%A1lvez%20y%20Jorge%20%C3%81lvarez%20M%C3%A1ynez&amp;body=https%3A%2F%2Fes-us.noticias.yahoo.com%2Fdebate-ine-asi-llegaron-claudia-sheinbaum-xochitl-galvez-y-jorge-alvarez-maynez-014956498.html%3Fsoc_src%3Dsocial-sh%26soc_trk%3Dma\" rel=\"noreferrer noopener\" target=\"_blank\"><\/a><\/p>\n\n\n\n<p>El Debate INE se vive desde antes de las palabras. Es todo un ritual y as\u00ed ha quedado visto con las llegadas de quienes aspiran a la presidencia de la Rep\u00fablica. Claudia Sheinbaum, X\u00f3chitl G\u00e1lvez y Jorge \u00c1lvarez M\u00e1ynez han arribado a las oficinas del INE en la Ciudad de M\u00e9xico, para formalizar el primer intercambio directo entre contendientes de cara a las elecciones del 2 de junio.<\/p>\n\n\n\n<p>Los tres han llegado de diferente manera. G\u00e1lvez en su caracter\u00edstica bicicleta, s\u00edmbolo en su campa\u00f1a; Sheinbaum en auto y \u00c1lvarez M\u00e1ynez en un autob\u00fas naranja. Tambi\u00e9n sus compa\u00f1\u00edas han llamado la atenci\u00f3n. G\u00e1lvez lleg\u00f3 acompa\u00f1ada por v\u00edctimas. &#8220;Mireya, mam\u00e1 de Paola, una de las ni\u00f1as fallecidas por el colapso del Colegio R\u00e9bsamen. Mar\u00eda Isabel, mam\u00e1 de Brisa, una ni\u00f1a que sufre por c\u00e1ncer. Daniel, una v\u00edctima de la ca\u00edda de la L\u00ednea 12 del Metro. Ceci Flores, madre buscadora de Sonora\u201d, resalt\u00f3 la candidata opositora en X.<\/p>\n\n\n\n<p>Por su parte, \u00c1lvarez M\u00e1ynez, de Movimiento Ciudadano, lo ha hecho con su familia. &#8220;M\u00e9xico va a sonre\u00edr, M\u00e9xico va a vivir tiempos mejores&#8221;, dijo a su arribo. Claudia Sheinbaum lleg\u00f3 acompa\u00f1ada por su pareja Jes\u00fas Mar\u00eda Tarriba. &#8220;Tenemos las mejores propuestas y el amor del pueblo. \u00a1Vamos a ganar el debate!&#8221;, expres\u00f3 en redes sociales.<\/p>\n\n\n\n<p>Este primer debate ser\u00e1 moderado por Denise Maerker y Manuel L\u00f3pez San Mart\u00edn. Se tocar\u00e1n los siguientes temas: salud, educaci\u00f3n, combate a la corrupci\u00f3n, transparencia, no discriminaci\u00f3n a grupos vulnerables y combate a la violencia contra las mujeres.<\/p>\n\n\n\n<figure class=\"wp-block-embed is-type-rich is-provider-twitter wp-block-embed-twitter\"><div class=\"wp-block-embed__wrapper\">\n<blockquote class=\"twitter-tweet\" data-width=\"550\" data-dnt=\"true\"><p lang=\"es\" dir=\"ltr\"><a href=\"https:\/\/twitter.com\/hashtag\/Voto24?src=hash&amp;ref_src=twsrc%5Etfw\">#Voto24<\/a> | Llega X\u00f3chitl G\u00e1lvez al <a href=\"https:\/\/twitter.com\/hashtag\/DebateINE?src=hash&amp;ref_src=twsrc%5Etfw\">#DebateINE<\/a>  en bici<br><br>La candidata dijo que, tras toparse con tr\u00e1fico, decidi\u00f3 pedalear cerca de tres kil\u00f3metros.<br><br>\ud83d\udcf9: \u00c9rika Hern\u00e1ndez <a href=\"https:\/\/t.co\/Fgq1aXsKpf\">pic.twitter.com\/Fgq1aXsKpf<\/a><\/p>&mdash; REFORMA Nacional (@reformanacional) <a href=\"https:\/\/twitter.com\/reformanacional\/status\/1777137967951163765?ref_src=twsrc%5Etfw\">April 8, 2024<\/a><\/blockquote><script async src=\"https:\/\/platform.twitter.com\/widgets.js\" charset=\"utf-8\"><\/script>\n<\/div><\/figure>\n\n\n\n<figure class=\"wp-block-embed is-type-rich is-provider-twitter wp-block-embed-twitter\"><div class=\"wp-block-embed__wrapper\">\n<blockquote class=\"twitter-tweet\" data-width=\"550\" data-dnt=\"true\"><p lang=\"es\" dir=\"ltr\">Jorge \u00c1lvarez Maynez lleg\u00f3 al Instituto Nacional Electoral acompa\u00f1ado por su familia para participar en el primer debate presidencial <a href=\"https:\/\/t.co\/9f7UjDoskb\">pic.twitter.com\/9f7UjDoskb<\/a><\/p>&mdash; Joaqu\u00edn L\u00f3pez-D\u00f3riga (@lopezdoriga) <a href=\"https:\/\/twitter.com\/lopezdoriga\/status\/1777144386544935274?ref_src=twsrc%5Etfw\">April 8, 2024<\/a><\/blockquote><script async src=\"https:\/\/platform.twitter.com\/widgets.js\" charset=\"utf-8\"><\/script>\n<\/div><\/figure>\n\n\n\n<figure class=\"wp-block-embed is-type-rich is-provider-twitter wp-block-embed-twitter\"><div class=\"wp-block-embed__wrapper\">\n<blockquote class=\"twitter-tweet\" data-width=\"550\" data-dnt=\"true\"><p lang=\"es\" dir=\"ltr\">Claudia Sheinbaum llega al INE, para el debate presidencial. <a href=\"https:\/\/t.co\/LD3NZev1Gc\">https:\/\/t.co\/LD3NZev1Gc<\/a><a href=\"https:\/\/twitter.com\/hashtag\/VideosLaJornada?src=hash&amp;ref_src=twsrc%5Etfw\">#VideosLaJornada<\/a> <a href=\"https:\/\/t.co\/c5VggyxXdW\">pic.twitter.com\/c5VggyxXdW<\/a><\/p>&mdash; La Jornada (@lajornadaonline) <a href=\"https:\/\/twitter.com\/lajornadaonline\/status\/1777143705599615004?ref_src=twsrc%5Etfw\">April 8, 2024<\/a><\/blockquote><script async src=\"https:\/\/platform.twitter.com\/widgets.js\" charset=\"utf-8\"><\/script>\n<\/div><\/figure>\n\n\n\n<p><\/p>\n","protected":false},"excerpt":{"rendered":"<p>El Debate INE se vive desde antes de las palabras. Es todo un ritual y as\u00ed ha quedado visto con las llegadas de quienes aspiran a la presidencia de la Rep\u00fablica. Claudia Sheinbaum, X\u00f3chitl G\u00e1lvez y Jorge \u00c1lvarez M\u00e1ynez han arribado a las oficinas del INE en la Ciudad de M\u00e9xico, para formalizar el primer [&hellip;]<\/p>\n","protected":false},"author":1,"featured_media":8370,"comment_status":"open","ping_status":"open","sticky":false,"template":"","format":"standard","meta":{"content-type":"","footnotes":""},"categories":[123],"tags":[],"class_list":{"0":"post-8372","1":"post","2":"type-post","3":"status-publish","4":"format-standard","5":"has-post-thumbnail","7":"category-elecciones2024"},"_links":{"self":[{"href":"https:\/\/www.regioncuatronoticias.com\/index.php\/wp-json\/wp\/v2\/posts\/8372","targetHints":{"allow":["GET"]}}],"collection":[{"href":"https:\/\/www.regioncuatronoticias.com\/index.php\/wp-json\/wp\/v2\/posts"}],"about":[{"href":"https:\/\/www.regioncuatronoticias.com\/index.php\/wp-json\/wp\/v2\/types\/post"}],"author":[{"embeddable":true,"href":"https:\/\/www.regioncuatronoticias.com\/index.php\/wp-json\/wp\/v2\/users\/1"}],"replies":[{"embeddable":true,"href":"https:\/\/www.regioncuatronoticias.com\/index.php\/wp-json\/wp\/v2\/comments?post=8372"}],"version-history":[{"count":1,"href":"https:\/\/www.regioncuatronoticias.com\/index.php\/wp-json\/wp\/v2\/posts\/8372\/revisions"}],"predecessor-version":[{"id":8373,"href":"https:\/\/www.regioncuatronoticias.com\/index.php\/wp-json\/wp\/v2\/posts\/8372\/revisions\/8373"}],"wp:featuredmedia":[{"embeddable":true,"href":"https:\/\/www.regioncuatronoticias.com\/index.php\/wp-json\/wp\/v2\/media\/8370"}],"wp:attachment":[{"href":"https:\/\/www.regioncuatronoticias.com\/index.php\/wp-json\/wp\/v2\/media?parent=8372"}],"wp:term":[{"taxonomy":"category","embeddable":true,"href":"https:\/\/www.regioncuatronoticias.com\/index.php\/wp-json\/wp\/v2\/categories?post=8372"},{"taxonomy":"post_tag","embeddable":true,"href":"https:\/\/www.regioncuatronoticias.com\/index.php\/wp-json\/wp\/v2\/tags?post=8372"}],"curies":[{"name":"wp","href":"https:\/\/api.w.org\/{rel}","templated":true}]}}