{"id":8360,"date":"2024-04-06T23:59:28","date_gmt":"2024-04-07T06:59:28","guid":{"rendered":"https:\/\/www.regioncuatronoticias.com\/?p=8360"},"modified":"2024-04-06T23:59:30","modified_gmt":"2024-04-07T06:59:30","slug":"agenda-del-ecuador-la-impone-la-mayoria-no-un-pequeno-grupo-de-relajosos-noboa-oposicion-pide-su-renuncia-tras-lo-ocurrido","status":"publish","type":"post","link":"https:\/\/www.regioncuatronoticias.com\/index.php\/2024\/04\/06\/agenda-del-ecuador-la-impone-la-mayoria-no-un-pequeno-grupo-de-relajosos-noboa-oposicion-pide-su-renuncia-tras-lo-ocurrido\/","title":{"rendered":"Agenda del Ecuador la impone la mayor\u00eda, no un peque\u00f1o grupo de relajosos: Noboa; oposici\u00f3n pide su renuncia tras lo ocurrido"},"content":{"rendered":"\n<p><strong>El presidente ecuatoriano, Daniel Noboa, reapareci\u00f3 tras la crisis diplom\u00e1tica con el Gobierno de M\u00e9xico<\/strong><\/p>\n\n\n\n<p>Con informaci\u00f3n de L\u00f3pez-D\u00f3riga Digital<\/p>\n\n\n\n<p>Quito; Ecuador; abril 6.- El presidente ecuatoriano, Daniel Noboa, dej\u00f3 en claro que \u201cla agenda del Ecuador la impone la mayor\u00eda, no un peque\u00f1o grupo de relajosos\u201d.<\/p>\n\n\n\n<p>Estas fueron las primeras declaraciones del mandatario ecuatoriano tras la crisis diplom\u00e1tica con el Gobierno de M\u00e9xico, luego de que polic\u00edas del pa\u00eds allanaran la Embajada de M\u00e9xico en Quito la noche del viernes.<\/p>\n\n\n\n<p>Frente a decenas de personas reunidas este s\u00e1bado en el Estadio San Miguel Bajo, en Imbabura, Noboa indic\u00f3 \u201cestoy aqu\u00ed sentado frente a ustedes porque la gran mayor\u00eda del Ecuador decidi\u00f3 que yo est\u00e9 aqu\u00ed\u201d.<\/p>\n\n\n\n<p>La agenda que se sigue, la agenda del Ecuador la impone la mayor\u00eda, no un peque\u00f1o grupo de relajosos\u201d, declar\u00f3.<\/p>\n\n\n\n<p>La noche del viernes 5 de abril, miembros de la Polic\u00eda de Ecuador ingresaron a la Embajada de M\u00e9xico en Ecuador para detener al exvicepresidente ecuatoriano Jorge Glas, quien hab\u00eda recibido asilo pol\u00edtico por el Gobierno mexicano y se encontraba desde diciembre pasado en la Embajada mexicana, lo que tambi\u00e9n consideraron como un acto intervencionista.<\/p>\n\n\n\n<p>Esto provoc\u00f3 que el presidente de M\u00e9xico, Andr\u00e9s Manuel L\u00f3pez Obrador, ordenara el rompimiento inmediato de las relaciones diplom\u00e1ticas con Ecuador, mientras que el Gobierno mexicano ha anticipado que recurrir\u00e1 a la Corte Internacional de Justicia para denunciar la responsabilidad de Ecuador por violaciones al Derecho Internacional.<\/p>\n\n\n\n<p>L\u00f3pez Obrador agradeci\u00f3 los mensajes de solidaridad de mandatarios, dirigentes y organizaciones civiles de M\u00e9xico y distintos pa\u00edses, por lo que calific\u00f3 como un \u201cpenoso asunto\u201d, mientras pidi\u00f3 a los mexicanos no caer en provocaciones y evadir el acoso.<\/p>\n\n\n\n<p><strong>El Movimiento de la Revoluci\u00f3n Ciudadana exige la renuncia del presidente de Ecuador<\/strong><\/p>\n\n\n\n<p>Tomado de Sputnik Mundo\/AP<\/p>\n\n\n\n<p>Abril 6 de 2024<\/p>\n\n\n\n<p>Foto: Dolores Ochoa<\/p>\n\n\n\n<p>Los representantes del Movimiento Revoluci\u00f3n Ciudadana (RC, izquierda) exigieron la renuncia del presidente del Ecuador Daniel Noboa despu\u00e9s de que su Gobierno violara la sede diplom\u00e1tica de M\u00e9xico el viernes para capturar al exvicepresidente Jorge Glas, quien hab\u00eda recibido asilo pol\u00edtico del Gobierno de Andr\u00e9s Manuel L\u00f3pez Obrador.<\/p>\n\n\n\n<p>&#8220;Ante los hechos que ha demostrado la incapacidad del presidente Daniel Noboa para gobernar el pa\u00eds, le exigimos que presente su renuncia al cargo de presidente de la Rep\u00fablica&#8221;, se\u00f1al\u00f3 Luisa Gonz\u00e1lez, presidenta del Movimiento Revoluci\u00f3n Ciudadana, en una rueda de prensa.<\/p>\n\n\n\n<p>Gonz\u00e1lez se\u00f1al\u00f3 que el Ecuador &#8220;no se merece&#8221; adem\u00e1s de los problemas econ\u00f3micos, de seguridad y de salud que existen, que &#8220;nos creen un problema diplom\u00e1tico que puede significar guerra&#8221;.<\/p>\n\n\n\n<p>Desde la sede de la agrupaci\u00f3n pol\u00edtica en Quito, la excandidata presidencial, increp\u00f3 al mandatario Daniel Noboa &#8220;porque con sus acciones pone en peligro la vida de los 18 millones de ecuatorianos&#8221;, continu\u00f3.<\/p>\n\n\n\n<p>&#8220;Se\u00f1or Daniel Noboa, presente su renuncia. Esta no es su hacienda bananera, el Ecuador no es su hacienda bananera (\u2026) esto es el Estado de 18 millones de ecuatorianos y se ponen en riesgo nuestras vidas por eso exigimos la renuncia&#8221;, agreg\u00f3.<\/p>\n\n\n\n<p>Tambi\u00e9n agradeci\u00f3 a la OEA, a la Internacional progresista, a la presidenta del Parlamento Andino, al Mercosur, a los parlamentarios de la Uni\u00f3n Europea y los gobiernos de Brasil, Venezuela, Colombia, Uruguay y Chile &#8220;que se han solidarizado tanto con el gobierno de M\u00e9xico como con el pueblo ecuatoriano que es v\u00edctima de un gobierno improvisado&#8221;.<\/p>\n\n\n\n<p><strong>Viviana Veloz<\/strong>, militante de la agrupaci\u00f3n pol\u00edtica encabezada por el expresidente Rafael Correa, declar\u00f3, por su parte, que el movimiento de la Revoluci\u00f3n Ciudadana se declara abiertamente en oposici\u00f3n al gobierno y anunci\u00f3 que iniciar\u00e1n el tr\u00e1mite para un juicio pol\u00edtico contra el presidente Noboa.<\/p>\n\n\n\n<p>Veloz, actualmente primera vicepresidenta de la Asamblea Nacional (Parlamento) indic\u00f3 que como agrupaci\u00f3n pol\u00edtica van a iniciar las diferentes acciones de fiscalizaci\u00f3n para varios ministros del gobierno de Noboa por poner en riesgo la vida de los ecuatorianos.<\/p>\n\n\n\n<p>&#8220;Les vamos a presentar las respectivas solicitudes de juicio pol\u00edtico porque estos ministros han puesto en riesgo la vida de miles de hermanos ecuatorianos que toman como tr\u00e1nsito el estado mexicano para llegar a los Estados Unidos, porque en este pa\u00eds no hay oportunidades&#8221;, se\u00f1al\u00f3.<\/p>\n\n\n\n<p>Adem\u00e1s, critic\u00f3 que el gobierno no haya utilizado esa misma fuerza que emple\u00f3 en la Embajada de M\u00e9xico para capturar a delincuentes de alta peligrosidad. &#8220;Ojal\u00e1 que con esa misma fuerza hubieran prevenido que no se les fuguen delincuentes de alta peligrosidad como Fito, como Colon Pico que en su gobierno, en sus narices, se fugaron&#8221;.<\/p>\n\n\n\n<p>A\u00f1adi\u00f3 que espera que el presidente Noboa &#8220;no utilice la persecuci\u00f3n para silenciar a quienes de forma responsable se opongan a su gobierno y le hagan conocer al pa\u00eds cuando usted y sus ministros se est\u00e1n equivocando&#8221;.<\/p>\n\n\n\n<p>Seguidores de la RC acudieron a la sede de este movimiento para respaldar el pronunciamiento e instar a tomar acciones dr\u00e1sticas frente a este suceso que afecta a Glas, uno de sus dirigentes nacionales y quien fuera incluso propuesto como candidato presidencial en los comicios anticipados de 2023.<\/p>\n\n\n\n<p>M\u00e1s temprano el expresidente Correa y la lider de la RC responsabilizaron al presidente Noboa por la vida y salud del exvicepresidente Glas, sacado por la fuerza de la legaci\u00f3n diplom\u00e1tica mexicana en Quito a pocas horas que le fuera aceptada su solicitud de asilo pol\u00edtico por el Gobierno de Andr\u00e9s Manuel L\u00f3pez Obrador.<\/p>\n\n\n\n<p>El jueves, Ecuador declar\u00f3 a la embajadora mexicana, Raquel Serur Smeke, persona non grata por declaraciones de L\u00f3pez Obrador sobre el contexto electoral ecuatoriano en 2023, lo cual disgust\u00f3 al Gobierno de Noboa.<\/p>\n\n\n\n<figure class=\"wp-block-embed\"><div class=\"wp-block-embed__wrapper\">\nhttps:\/\/sputniknews.lat\/20240406\/el-movimiento-de-la-revolucion-ciudadana-exige-la-renuncia-del-presidente-de-ecuador-1149545638.html\n<\/div><\/figure>\n","protected":false},"excerpt":{"rendered":"<p>El presidente ecuatoriano, Daniel Noboa, reapareci\u00f3 tras la crisis diplom\u00e1tica con el Gobierno de M\u00e9xico Con informaci\u00f3n de L\u00f3pez-D\u00f3riga Digital Quito; Ecuador; abril 6.- El presidente ecuatoriano, Daniel Noboa, dej\u00f3 en claro que \u201cla agenda del Ecuador la impone la mayor\u00eda, no un peque\u00f1o grupo de relajosos\u201d. Estas fueron las primeras declaraciones del mandatario ecuatoriano [&hellip;]<\/p>\n","protected":false},"author":1,"featured_media":8361,"comment_status":"open","ping_status":"open","sticky":false,"template":"","format":"standard","meta":{"content-type":"","footnotes":""},"categories":[7,115,105],"tags":[],"class_list":{"0":"post-8360","1":"post","2":"type-post","3":"status-publish","4":"format-standard","5":"has-post-thumbnail","7":"category-internacional","8":"category-politica","9":"category-principal"},"_links":{"self":[{"href":"https:\/\/www.regioncuatronoticias.com\/index.php\/wp-json\/wp\/v2\/posts\/8360","targetHints":{"allow":["GET"]}}],"collection":[{"href":"https:\/\/www.regioncuatronoticias.com\/index.php\/wp-json\/wp\/v2\/posts"}],"about":[{"href":"https:\/\/www.regioncuatronoticias.com\/index.php\/wp-json\/wp\/v2\/types\/post"}],"author":[{"embeddable":true,"href":"https:\/\/www.regioncuatronoticias.com\/index.php\/wp-json\/wp\/v2\/users\/1"}],"replies":[{"embeddable":true,"href":"https:\/\/www.regioncuatronoticias.com\/index.php\/wp-json\/wp\/v2\/comments?post=8360"}],"version-history":[{"count":1,"href":"https:\/\/www.regioncuatronoticias.com\/index.php\/wp-json\/wp\/v2\/posts\/8360\/revisions"}],"predecessor-version":[{"id":8362,"href":"https:\/\/www.regioncuatronoticias.com\/index.php\/wp-json\/wp\/v2\/posts\/8360\/revisions\/8362"}],"wp:featuredmedia":[{"embeddable":true,"href":"https:\/\/www.regioncuatronoticias.com\/index.php\/wp-json\/wp\/v2\/media\/8361"}],"wp:attachment":[{"href":"https:\/\/www.regioncuatronoticias.com\/index.php\/wp-json\/wp\/v2\/media?parent=8360"}],"wp:term":[{"taxonomy":"category","embeddable":true,"href":"https:\/\/www.regioncuatronoticias.com\/index.php\/wp-json\/wp\/v2\/categories?post=8360"},{"taxonomy":"post_tag","embeddable":true,"href":"https:\/\/www.regioncuatronoticias.com\/index.php\/wp-json\/wp\/v2\/tags?post=8360"}],"curies":[{"name":"wp","href":"https:\/\/api.w.org\/{rel}","templated":true}]}}