{"id":8357,"date":"2024-04-06T23:31:44","date_gmt":"2024-04-07T06:31:44","guid":{"rendered":"https:\/\/www.regioncuatronoticias.com\/?p=8357"},"modified":"2024-04-06T23:31:45","modified_gmt":"2024-04-07T06:31:45","slug":"eu-condena-irrupcion-a-embajada-de-mexico-en-ecuador","status":"publish","type":"post","link":"https:\/\/www.regioncuatronoticias.com\/index.php\/2024\/04\/06\/eu-condena-irrupcion-a-embajada-de-mexico-en-ecuador\/","title":{"rendered":"EU condena irrupci\u00f3n a Embajada de M\u00e9xico en Ecuador"},"content":{"rendered":"\n<p><strong>Estados Unidos tard\u00f3 24 horas en pronunciarse sobre la irrupci\u00f3n de la polic\u00eda de Ecuador en la embajada mexicana ubicada en Quito<\/strong><\/p>\n\n\n\n<p>Tomado de Aristegui Noticias<\/p>\n\n\n\n<p>S\u00e1bado 6 de abril de 2024<\/p>\n\n\n\n<p>Fotos: EFE<\/p>\n\n\n\n<p>El Departamento de Estado de Estados Unidos conden\u00f3 la violaci\u00f3n de la Convenci\u00f3n de Viena luego de la irrupci\u00f3n de la polic\u00eda de Ecuador en la Embajada de M\u00e9xico en Quito.<\/p>\n\n\n\n<p>Asimismo, el gobierno estadounidense exhort\u00f3 a a ambas naciones a \u201cresolver sus diferencias de acuerdo con las normas internacionales\u201d.<\/p>\n\n\n\n<p><strong>El portavoz del Departamento de Estado, Matthew Miller, indic\u00f3:<\/strong><\/p>\n\n\n\n<p>Estados Unidos condena cualquier violaci\u00f3n de la Convenci\u00f3n de Viena sobre Relaciones Diplom\u00e1ticas y se toma muy en serio las obligaciones de los pa\u00edses bajo la ley internacional de respetar la inviolabilidad de las misiones diplom\u00e1ticas.<\/p>\n\n\n\n<p>A\u00f1adi\u00f3 que M\u00e9xico y Ecuador son socios cruciales de Estados Unidos, por lo que indic\u00f3, ponemos un alto valor a nuestras relaciones con ambos pa\u00edses.<\/p>\n\n\n\n<p>\u201cUrgimos a las dos naciones a resolver sus diferencias de acuerdo con las normas internacionales\u201d, a\u00f1ade el comunicado del Departamento de Estado.<\/p>\n\n\n\n<p>Estados Unidos tard\u00f3 24 horas en pronunciarse sobre esta ruptura de los protocolos diplom\u00e1ticos.<\/p>\n\n\n\n<p>La noche de este viernes miembros de la Polic\u00eda de Ecuador irrumpieron en la embajada de M\u00e9xico en Quito para arrestar a Jorge Glas, quien recibi\u00f3 asilo pol\u00edtico por el Gobierno mexicano.<\/p>\n\n\n\n<p><strong>Esto dice la Convenci\u00f3n de Viena sobre Relaciones Diplom\u00e1ticas<\/strong><\/p>\n\n\n\n<p>En tanto, la embajada de Ecuador en Ciudad de M\u00e9xico estuvo resguardada desde la noche del viernes, cuando M\u00e9xico rompi\u00f3 relaciones diplom\u00e1ticas con la naci\u00f3n sudamericana, al asumir violaciones al derecho internacional, en espec\u00edfico, la Convenci\u00f3n de Viena.<\/p>\n\n\n\n<p>El art\u00edculo 22 de la Convenci\u00f3n de Viena sobre Relaciones Diplom\u00e1ticas de 1961 especifica que \u201clos locales de las misiones son inviolables. Los agentes del Estado receptor no podr\u00e1n penetrar en ellas, excepto con el consentimiento del jefe de la misi\u00f3n\u201d.<\/p>\n\n\n\n<p>En un breve mensaje, la canciller mexicana, Alicia B\u00e1rcena, anunci\u00f3 que \u201cante la flagrante violaci\u00f3n de la Convenci\u00f3n de Viena sobre Relaciones Diplom\u00e1ticas y las lesiones sufridas por el personal diplom\u00e1tico mexicano en Ecuador, M\u00e9xico anuncia el inmediato rompimiento de relaciones diplom\u00e1ticas con Ecuador\u201d.<\/p>\n\n\n\n<p>Las acciones del Gobierno de Daniel Noboa han provocado la condena de varios pa\u00edses latinoamericanos. (EFE)<\/p>\n\n\n\n<figure class=\"wp-block-embed\"><div class=\"wp-block-embed__wrapper\">\nhttps:\/\/aristeguinoticias.com\/0604\/mundo\/eu-condena-irrupcion-a-embajada-de-mexico-en-ecuador\n<\/div><\/figure>\n","protected":false},"excerpt":{"rendered":"<p>Estados Unidos tard\u00f3 24 horas en pronunciarse sobre la irrupci\u00f3n de la polic\u00eda de Ecuador en la embajada mexicana ubicada en Quito Tomado de Aristegui Noticias S\u00e1bado 6 de abril de 2024 Fotos: EFE El Departamento de Estado de Estados Unidos conden\u00f3 la violaci\u00f3n de la Convenci\u00f3n de Viena luego de la irrupci\u00f3n de la [&hellip;]<\/p>\n","protected":false},"author":1,"featured_media":8358,"comment_status":"open","ping_status":"open","sticky":false,"template":"","format":"standard","meta":{"content-type":"","footnotes":""},"categories":[7,115,105],"tags":[],"class_list":{"0":"post-8357","1":"post","2":"type-post","3":"status-publish","4":"format-standard","5":"has-post-thumbnail","7":"category-internacional","8":"category-politica","9":"category-principal"},"_links":{"self":[{"href":"https:\/\/www.regioncuatronoticias.com\/index.php\/wp-json\/wp\/v2\/posts\/8357","targetHints":{"allow":["GET"]}}],"collection":[{"href":"https:\/\/www.regioncuatronoticias.com\/index.php\/wp-json\/wp\/v2\/posts"}],"about":[{"href":"https:\/\/www.regioncuatronoticias.com\/index.php\/wp-json\/wp\/v2\/types\/post"}],"author":[{"embeddable":true,"href":"https:\/\/www.regioncuatronoticias.com\/index.php\/wp-json\/wp\/v2\/users\/1"}],"replies":[{"embeddable":true,"href":"https:\/\/www.regioncuatronoticias.com\/index.php\/wp-json\/wp\/v2\/comments?post=8357"}],"version-history":[{"count":1,"href":"https:\/\/www.regioncuatronoticias.com\/index.php\/wp-json\/wp\/v2\/posts\/8357\/revisions"}],"predecessor-version":[{"id":8359,"href":"https:\/\/www.regioncuatronoticias.com\/index.php\/wp-json\/wp\/v2\/posts\/8357\/revisions\/8359"}],"wp:featuredmedia":[{"embeddable":true,"href":"https:\/\/www.regioncuatronoticias.com\/index.php\/wp-json\/wp\/v2\/media\/8358"}],"wp:attachment":[{"href":"https:\/\/www.regioncuatronoticias.com\/index.php\/wp-json\/wp\/v2\/media?parent=8357"}],"wp:term":[{"taxonomy":"category","embeddable":true,"href":"https:\/\/www.regioncuatronoticias.com\/index.php\/wp-json\/wp\/v2\/categories?post=8357"},{"taxonomy":"post_tag","embeddable":true,"href":"https:\/\/www.regioncuatronoticias.com\/index.php\/wp-json\/wp\/v2\/tags?post=8357"}],"curies":[{"name":"wp","href":"https:\/\/api.w.org\/{rel}","templated":true}]}}