{"id":8351,"date":"2024-04-06T14:13:29","date_gmt":"2024-04-06T21:13:29","guid":{"rendered":"https:\/\/www.regioncuatronoticias.com\/?p=8351"},"modified":"2024-04-06T14:13:30","modified_gmt":"2024-04-06T21:13:30","slug":"nicaragua-se-une-a-mexico-y-rompe-relaciones-diplomaticas-con-ecuador","status":"publish","type":"post","link":"https:\/\/www.regioncuatronoticias.com\/index.php\/2024\/04\/06\/nicaragua-se-une-a-mexico-y-rompe-relaciones-diplomaticas-con-ecuador\/","title":{"rendered":"Nicaragua se une a M\u00e9xico y rompe relaciones diplom\u00e1ticas con Ecuador"},"content":{"rendered":"\n<p>El Gobierno de Nicaragua explic\u00f3 que el primero de septiembre del 2020 retiraron su Embajada en Quito \u201cy con este pronunciamiento\u201d formalizan \u201cla ruptura de toda relaci\u00f3n diplom\u00e1tica\u201d con Ecuador.<\/p>\n\n\n\n<p>Daniel Ortega expres\u00f3 su solidaridad y acompa\u00f1amiento, en cualquier acci\u00f3n legal que de esto se derive, \u201cal presidente y Gobierno de M\u00e9xico, don Andr\u00e9s Manuel L\u00f3pez Obrador. (EFE).<\/p>\n\n\n\n<p>EFE<\/p>\n\n\n\n<p>Abril 06, 2024<\/p>\n\n\n\n<p>El Gobierno de Nicaragua anunci\u00f3 este s\u00e1bado que tambi\u00e9n rompe relaciones diplom\u00e1ticas con Ecuador tras la irrupci\u00f3n policial en la Embajada de M\u00e9xico en Quito, donde agentes de seguridad ecuatorianos entraron a la fuerza la noche del viernes para detener al exvicepresidente Jorge Glas, al que el Ejecutivo mexicano hab\u00eda concedido el asilo pol\u00edtico.<\/p>\n\n\n\n<p>\u201cAnte la ins\u00f3lita y repudiable acci\u00f3n realizada esta madrugada en Quito, por fuerzas que deber\u00edan resguardar el orden y la seguridad de los ciudadanos ecuatorianos y sus vidas, nuestra contundente, enf\u00e1tica e irrevocable repulsa, que convertimos en nuestra decisi\u00f3n soberana de romper toda relaci\u00f3n diplom\u00e1tica con el Gobierno ecuatoriano\u201d, inform\u00f3 el Ejecutivo que preside Daniel Ortega en una declaraci\u00f3n.<\/p>\n\n\n\n<p><strong>Tensi\u00f3n entre Ecuador y Nicaragua desde 2020<\/strong><\/p>\n\n\n\n<p>El Gobierno de Nicaragua explic\u00f3 que el primero de septiembre del 2020 retiraron su Embajada en Quito \u201cy con este pronunciamiento\u201d formalizan \u201cla ruptura de toda relaci\u00f3n diplom\u00e1tica\u201d con Ecuador.<\/p>\n\n\n\n<p>Asimismo, expres\u00f3 su solidaridad y acompa\u00f1amiento, en cualquier acci\u00f3n legal que de esto se derive, \u201cal presidente y Gobierno de M\u00e9xico, don Andr\u00e9s Manuel L\u00f3pez Obrador\u201d.<\/p>\n\n\n\n<p>En su declaraci\u00f3n, Managua tambi\u00e9n se pronunci\u00f3 \u201cen absoluto rechazo y condena a la barbarie pol\u00edtica neofascista del Gobierno de Ecuador, cuyo admirable pueblo merece, como siempre, todo nuestro cari\u00f1o, respaldo y solidaridad\u201d.<\/p>\n\n\n\n<p>\u201cCondenamos y rechazamos esta violaci\u00f3n flagrante del Derecho Internacional que vemos repetirse desde gobernantes corruptos y serviles a los imperios, que desgraciadamente ocupan posiciones institucionales en ese hermano pa\u00eds\u201d, agreg\u00f3.<\/p>\n\n\n\n<p>En ese sentido, Nicaragua record\u00f3 que conoci\u00f3 \u201ccon estupor la complicidad de otro Gobierno ecuatoriano reciente con el asalto a su propia sede en Londres, para extraer violenta e ilegalmente a Julian Assange, periodista que el mundo reclama y cuya labor permiti\u00f3 conocer y difundir m\u00e1s las atrocidades imperialistas en pa\u00edses soberanos, intervenidos, ocupados y destruidos por los b\u00e1rbaros fieros\u201d.<\/p>\n\n\n\n<p>En la nota, Nicaragua, que hace dos a\u00f1os expropi\u00f3 las oficinas de la OEA en Managua, ratific\u00f3 su \u201capego al Derecho Internacional y a las Convenciones que rigen las relaciones civilizadas entre Estados y Gobiernos del mundo\u201d.<\/p>\n\n\n\n<p><strong>\u00bfQu\u00e9 pas\u00f3 entre Ecuador y M\u00e9xico?<\/strong><\/p>\n\n\n\n<p>La Polic\u00eda de Ecuador irrumpi\u00f3 el viernes en la sede de la embajada de M\u00e9xico en Quito y detuvo a Jorge Glas, vicepresidente de Ecuador entre 2013 y 2017 con Rafael Correa (2007-2017) y luego en los inicios del Gobierno de Len\u00edn Moreno (2017-2021), el mismo d\u00eda en que el Gobierno azteca le concedi\u00f3 el asilo pol\u00edtico.<\/p>\n\n\n\n<p>Glas, de 54 a\u00f1os y considerado mano derecha de Correa, ingres\u00f3 en la embajada en diciembre pasado y poco despu\u00e9s pidi\u00f3 asilo.<\/p>\n\n\n\n<p>El pol\u00edtico est\u00e1 procesado por presunta malversaci\u00f3n de fondos en el denominado \u2018Caso Reconstrucci\u00f3n\u2019 de la provincia de Manab\u00ed, la m\u00e1s afectada por el fuerte terremoto de 2016, y un juez hab\u00eda ordenado su detenci\u00f3n e ingreso en prisi\u00f3n preventiva despu\u00e9s de que se aloj\u00f3 en la Embajada de M\u00e9xico.<\/p>\n\n\n\n<p>El presidente de M\u00e9xico, Andr\u00e9s Manuel L\u00f3pez Obrador, anunci\u00f3 la ruptura formal de las relaciones diplom\u00e1ticas con Ecuador al considerar la irrupci\u00f3n a la embajada en Quito como una violaci\u00f3n de la soberan\u00eda nacional y del derecho internacional.<\/p>\n\n\n\n<p><strong>MADURO TILDA DE &#8220;FASCISTA&#8221; LA IRRUPCI\u00d3N POLICIAL EN LA EMBAJADA DE M\u00c9XICO EN ECUADOR<\/strong><\/p>\n\n\n\n<p><strong>Nicol\u00e1s Maduro tild\u00f3 de \u201cacto fascista\u201d la irrupci\u00f3n policial en la Embajada de M\u00e9xico en Quito, donde agentes de seguridad ecuatorianos entraron a la fuerza<\/strong><\/p>\n\n\n\n<p>Abril 6, 2024<\/p>\n\n\n\n<p>El presidente de Venezuela, Nicol\u00e1s Maduro, tild\u00f3 de \u201cacto fascista\u201d la irrupci\u00f3n policial en la Embajada de M\u00e9xico en Quito, donde agentes de seguridad ecuatorianos entraron a la fuerza, la noche del viernes, para detener al exvicepresidente Jorge Glas, al que el Ejecutivo mexicano hab\u00eda concedido el asilo pol\u00edtico.<\/p>\n\n\n\n<p>\u201cVenezuela alza su voz contundentemente para rechazar este acto fascista contra el derecho internacional y expresa su plena y absoluta solidaridad al presidente mexicano, Andr\u00e9s Manuel L\u00f3pez Obrador\u201d, indic\u00f3 el l\u00edder chavista a trav\u00e9s de X.<\/p>\n\n\n\n<p>Este comentario se dio a conocer minutos despu\u00e9s de que el Gobierno venezolano publicara un comunicado en el que repudi\u00f3 la \u201cexcesiva falta de pudor y sentido com\u00fan por parte de las autoridades ecuatorianas\u201d.<\/p>\n\n\n\n<p>\u201cEs un acto de barbarie, algo nunca visto en Am\u00e9rica Latina, el Gobierno de derecha pro yanqui de Ecuador viol\u00f3 brutalmente el derecho internacional, asaltando la Embajada de M\u00e9xico en Ecuador y secuestrando a un asilado pol\u00edtico, as\u00ed reconocido por el Gobierno mexicano\u201d, subray\u00f3 Maduro.<\/p>\n\n\n\n<p>Venezuela denunci\u00f3 que polic\u00edas ecuatorianos \u201cilegalmente allanaron y capturaron al exvicepresidente Jorge Glas, a quien el Gobierno mexicano le hab\u00eda otorgado asilo pol\u00edtico, producto de la atroz persecuci\u00f3n de la cual ha sido v\u00edctima\u201d.<\/p>\n\n\n\n<p>\u201cTodo esto constituye una acci\u00f3n que ni en las m\u00e1s atroces dictaduras en la regi\u00f3n se hab\u00eda registrado (\u2026), creando un preocupante precedente para Ecuador y el mundo\u201d, se\u00f1al\u00f3 Venezuela en su escrito.<\/p>\n\n\n\n<p>Polic\u00edas ecuatorianos treparon por los muros de la sede diplom\u00e1tica mexicana para capturar a Glas, sobre quien pesa una orden de prisi\u00f3n preventiva por un caso de presunta corrupci\u00f3n en el que est\u00e1 actualmente procesado, tras haber pasado -entre 2017 y 2022- cerca de cinco a\u00f1os en la c\u00e1rcel por dos condenas por delitos que \u00e9l rechaza, al considerarse v\u00edctima de una persecuci\u00f3n pol\u00edtica.<\/p>\n\n\n\n<p>A trav\u00e9s de las redes sociales, L\u00f3pez Obrador denunci\u00f3 \u201cuna violaci\u00f3n flagrante al derecho internacional y a la soberan\u00eda de M\u00e9xico\u201d y orden\u00f3 declarar \u201cla suspensi\u00f3n de las relaciones diplom\u00e1ticas con el Gobierno de Ecuador\u201d.<\/p>\n\n\n\n<p>Con informaci\u00f3n de EFE<\/p>\n\n\n\n<p>Informaci\u00f3n tomada de Latinus y Dl\u00f3pez D\u00f3riga Digital<\/p>\n","protected":false},"excerpt":{"rendered":"<p>El Gobierno de Nicaragua explic\u00f3 que el primero de septiembre del 2020 retiraron su Embajada en Quito \u201cy con este pronunciamiento\u201d formalizan \u201cla ruptura de toda relaci\u00f3n diplom\u00e1tica\u201d con Ecuador. Daniel Ortega expres\u00f3 su solidaridad y acompa\u00f1amiento, en cualquier acci\u00f3n legal que de esto se derive, \u201cal presidente y Gobierno de M\u00e9xico, don Andr\u00e9s Manuel [&hellip;]<\/p>\n","protected":false},"author":1,"featured_media":8352,"comment_status":"open","ping_status":"open","sticky":false,"template":"","format":"standard","meta":{"content-type":"","footnotes":""},"categories":[7,105],"tags":[],"class_list":{"0":"post-8351","1":"post","2":"type-post","3":"status-publish","4":"format-standard","5":"has-post-thumbnail","7":"category-internacional","8":"category-principal"},"_links":{"self":[{"href":"https:\/\/www.regioncuatronoticias.com\/index.php\/wp-json\/wp\/v2\/posts\/8351","targetHints":{"allow":["GET"]}}],"collection":[{"href":"https:\/\/www.regioncuatronoticias.com\/index.php\/wp-json\/wp\/v2\/posts"}],"about":[{"href":"https:\/\/www.regioncuatronoticias.com\/index.php\/wp-json\/wp\/v2\/types\/post"}],"author":[{"embeddable":true,"href":"https:\/\/www.regioncuatronoticias.com\/index.php\/wp-json\/wp\/v2\/users\/1"}],"replies":[{"embeddable":true,"href":"https:\/\/www.regioncuatronoticias.com\/index.php\/wp-json\/wp\/v2\/comments?post=8351"}],"version-history":[{"count":1,"href":"https:\/\/www.regioncuatronoticias.com\/index.php\/wp-json\/wp\/v2\/posts\/8351\/revisions"}],"predecessor-version":[{"id":8353,"href":"https:\/\/www.regioncuatronoticias.com\/index.php\/wp-json\/wp\/v2\/posts\/8351\/revisions\/8353"}],"wp:featuredmedia":[{"embeddable":true,"href":"https:\/\/www.regioncuatronoticias.com\/index.php\/wp-json\/wp\/v2\/media\/8352"}],"wp:attachment":[{"href":"https:\/\/www.regioncuatronoticias.com\/index.php\/wp-json\/wp\/v2\/media?parent=8351"}],"wp:term":[{"taxonomy":"category","embeddable":true,"href":"https:\/\/www.regioncuatronoticias.com\/index.php\/wp-json\/wp\/v2\/categories?post=8351"},{"taxonomy":"post_tag","embeddable":true,"href":"https:\/\/www.regioncuatronoticias.com\/index.php\/wp-json\/wp\/v2\/tags?post=8351"}],"curies":[{"name":"wp","href":"https:\/\/api.w.org\/{rel}","templated":true}]}}