{"id":8313,"date":"2024-04-06T08:58:51","date_gmt":"2024-04-06T15:58:51","guid":{"rendered":"https:\/\/www.regioncuatronoticias.com\/?p=8313"},"modified":"2024-04-06T08:58:54","modified_gmt":"2024-04-06T15:58:54","slug":"turquia-suspende-aplicacion-del-tratado-de-fuerzas-armadas-convencionales","status":"publish","type":"post","link":"https:\/\/www.regioncuatronoticias.com\/index.php\/2024\/04\/06\/turquia-suspende-aplicacion-del-tratado-de-fuerzas-armadas-convencionales\/","title":{"rendered":"Turqu\u00eda: suspende aplicaci\u00f3n del Tratado de Fuerzas Armadas Convencionales"},"content":{"rendered":"\n<p>Madrid. El presidente turco, Recep Tayyip Erdogan, ha firmado este viernes un decreto por el que Ankara suspende la aplicaci\u00f3n del Tratado de Fuerzas Armadas Convencionales en Europa (FACE) despu\u00e9s de que Rusia anunciara su salida en noviembre de 2023 en el marco de la invasi\u00f3n rusa de Ucrania.<\/p>\n\n\n\n<p>El portavoz del Ministerio de Exteriores, Oncu Ke\u00e7eli, ha dicho que tras la salida de Mosc\u00fa &#8220;no es posible continuar con la implementaci\u00f3n&#8221; del tratado, si bien ha precisado que esta decisi\u00f3n es &#8220;reversible&#8221;, ha informado la agencia de noticias Anatolia.<\/p>\n\n\n\n<p>En concreto, la decisi\u00f3n entrar\u00e1 en vigor a partir del 8 de abril, seg\u00fan reza el decreto. La decisi\u00f3n de Mosc\u00fa de retirar su participaci\u00f3n del tratado precipit\u00f3 que varios aliados de la OTAN, entre ellos Estados Unidos, anunciaran tambi\u00e9n su salida.<\/p>\n\n\n\n<p>El FACE se concibi\u00f3 en la etapa final de la Guerra Fr\u00eda como dique de contenci\u00f3n para la expansi\u00f3n armament\u00edstica de la Uni\u00f3n Sovi\u00e9tica, con una equiparaci\u00f3n de capacidades entre el bloque de la OTAN y los pa\u00edses del Pacto de Varsovia.<\/p>\n\n\n\n<p>El tratado fue suscrito en Par\u00eds en 1990 por los 16 pa\u00edses miembros de la Organizaci\u00f3n del Tratado del Atl\u00e1ntico Norte (OTAN) de entonces y seis Estados del pacto de Varsovia. Nueve a\u00f1os despu\u00e9s, se firm\u00f3 en Estambul, Turqu\u00eda, un texto actualizado del tratado tras la disoluci\u00f3n del pacto de Varsovia en 1991.<\/p>\n\n\n\n<p>El acuerdo limita la cantidad de tanques, veh\u00edculos acorazados, aviones de combate, helic\u00f3pteros y artiller\u00eda pesada en el territorio de los pa\u00edses signatarios.<\/p>\n","protected":false},"excerpt":{"rendered":"<p>Madrid. El presidente turco, Recep Tayyip Erdogan, ha firmado este viernes un decreto por el que Ankara suspende la aplicaci\u00f3n del Tratado de Fuerzas Armadas Convencionales en Europa (FACE) despu\u00e9s de que Rusia anunciara su salida en noviembre de 2023 en el marco de la invasi\u00f3n rusa de Ucrania. El portavoz del Ministerio de Exteriores, [&hellip;]<\/p>\n","protected":false},"author":1,"featured_media":8314,"comment_status":"open","ping_status":"open","sticky":false,"template":"","format":"standard","meta":{"content-type":"","footnotes":""},"categories":[7],"tags":[],"class_list":{"0":"post-8313","1":"post","2":"type-post","3":"status-publish","4":"format-standard","5":"has-post-thumbnail","7":"category-internacional"},"_links":{"self":[{"href":"https:\/\/www.regioncuatronoticias.com\/index.php\/wp-json\/wp\/v2\/posts\/8313","targetHints":{"allow":["GET"]}}],"collection":[{"href":"https:\/\/www.regioncuatronoticias.com\/index.php\/wp-json\/wp\/v2\/posts"}],"about":[{"href":"https:\/\/www.regioncuatronoticias.com\/index.php\/wp-json\/wp\/v2\/types\/post"}],"author":[{"embeddable":true,"href":"https:\/\/www.regioncuatronoticias.com\/index.php\/wp-json\/wp\/v2\/users\/1"}],"replies":[{"embeddable":true,"href":"https:\/\/www.regioncuatronoticias.com\/index.php\/wp-json\/wp\/v2\/comments?post=8313"}],"version-history":[{"count":1,"href":"https:\/\/www.regioncuatronoticias.com\/index.php\/wp-json\/wp\/v2\/posts\/8313\/revisions"}],"predecessor-version":[{"id":8315,"href":"https:\/\/www.regioncuatronoticias.com\/index.php\/wp-json\/wp\/v2\/posts\/8313\/revisions\/8315"}],"wp:featuredmedia":[{"embeddable":true,"href":"https:\/\/www.regioncuatronoticias.com\/index.php\/wp-json\/wp\/v2\/media\/8314"}],"wp:attachment":[{"href":"https:\/\/www.regioncuatronoticias.com\/index.php\/wp-json\/wp\/v2\/media?parent=8313"}],"wp:term":[{"taxonomy":"category","embeddable":true,"href":"https:\/\/www.regioncuatronoticias.com\/index.php\/wp-json\/wp\/v2\/categories?post=8313"},{"taxonomy":"post_tag","embeddable":true,"href":"https:\/\/www.regioncuatronoticias.com\/index.php\/wp-json\/wp\/v2\/tags?post=8313"}],"curies":[{"name":"wp","href":"https:\/\/api.w.org\/{rel}","templated":true}]}}